{"id":11448,"date":"2025-09-04T13:29:35","date_gmt":"2025-09-04T11:29:35","guid":{"rendered":"https:\/\/in4ge.com\/?p=11448"},"modified":"2025-10-08T09:36:16","modified_gmt":"2025-10-08T07:36:16","slug":"changing-work-models-and-younger-generations-of-employees","status":"publish","type":"post","link":"https:\/\/in4ge.com\/en\/2025\/09\/changing-work-models-and-younger-generations-of-employees\/","title":{"rendered":"Changing work models and younger generations of employees"},"content":{"rendered":"<div class=\"wpb-content-wrapper\"><p>[vc_row css=&#8221;.vc_custom_1721656002244{margin-top: 3% !important;}&#8221; woodmart_css_id=&#8221;669e62bdc9cd8&#8243; responsive_spacing=&#8221;eyJwYXJhbV90eXBlIjoid29vZG1hcnRfcmVzcG9uc2l2ZV9zcGFjaW5nIiwic2VsZWN0b3JfaWQiOiI2NjllNjJiZGM5Y2Q4Iiwic2hvcnRjb2RlIjoidmNfcm93IiwiZGF0YSI6eyJ0YWJsZXQiOnt9LCJtb2JpbGUiOnt9fX0=&#8221; mobile_bg_img_hidden=&#8221;no&#8221; tablet_bg_img_hidden=&#8221;no&#8221; woodmart_parallax=&#8221;0&#8243; woodmart_gradient_switch=&#8221;no&#8221; woodmart_box_shadow=&#8221;no&#8221; wd_z_index=&#8221;no&#8221; woodmart_disable_overflow=&#8221;0&#8243; row_reverse_mobile=&#8221;0&#8243; row_reverse_tablet=&#8221;0&#8243;][vc_column width=&#8221;1\/6&#8243;][\/vc_column][vc_column width=&#8221;2\/3&#8243;][vc_column_text css=&#8221;&#8221; woodmart_inline=&#8221;no&#8221; text_larger=&#8221;no&#8221;]<strong>Over the past two decades, the labor market has undergone a major transformation \u2013 not only driven by technology, but also by the arrival of new generations of employees. It is often said that their values, needs, and ways of working differ from what older colleagues were used to. But are the differences between generations X, Y, and Z really that clear-cut? That\u2019s a question worth asking and discussing.<\/strong><\/p>\n<p>People often point out that millennials (born 1981\u20131996) and Gen Z (born after 1997) have different expectations of work, even redefining its very meaning. For many, it\u2019s not just about pay or job titles \u2013 it\u2019s about impact, growth, authenticity, and identity.<\/p>\n<h5><strong>Work as part of life, not its center<\/strong><\/h5>\n<p>Younger generations emphasize that they don\u2019t want to live to work \u2013 they want to work to live, in line with their values and lifestyle. Flexibility is increasingly seen as the norm, not a perk.<\/p>\n<p>\ud83d\udd39 <strong>Flexible work models<\/strong> \u2013 remote, hybrid, project-based, or non-standard hours \u2013 reflect the need for independence and autonomy.<\/p>\n<p>\ud83d\udd39<strong> A culture of trust and responsibility<\/strong> \u2013 micromanagement is quickly perceived as lack of trust and discourages engagement.<\/p>\n<p>\ud83d\udd39 <strong>Work-life balance<\/strong> \u2013 millennials and Gen Z openly talk about burnout, mental health, and the need for rest. Companies that ignore this risk losing not only talent but also reputation.<\/p>\n<h5><strong>Work with purpose and room to grow<\/strong><\/h5>\n<p>What many see as a shared trait across younger generations is the search for meaning. Employees don\u2019t just want to \u201cdo a job\u201d \u2013 they want to understand why and how their work matters.<\/p>\n<p>\ud83d\udd39<strong> Company mission and value<\/strong>s \u2013 must be authentic, not just slogans. For Gen Z, social issues, diversity, equality, and sustainability play an especially important role.<\/p>\n<p>\ud83d\udd39 <strong>Transparency and feedback<\/strong> \u2013 open communication and regular feedback foster trust and development.<\/p>\n<p>\ud83d\udd39 <strong>Individual career paths<\/strong> \u2013 predefined \u201cladders\u201d are often not enough. Personalization and self-paced growth matter more.<\/p>\n<h5><strong>Technology that enables, not controls<\/strong><\/h5>\n<p>Gen Z grew up digital. Apps, automation, asynchronous work, and online collaboration are natural to them. At the same time, technology is expected to support, not monitor.<\/p>\n<p>\ud83d\udd39 <strong>A modern work environment<\/strong> \u2013 tools for remote work, project management, and communication are no longer optional.<\/p>\n<p>\ud83d\udd39 <strong>Automation and UX<\/strong> \u2013 clunky, paper-based, or unintuitive processes put companies at a disadvantage in the eyes of candidates.<\/p>\n<p>\ud83d\udd39 <strong>Freedom and mobility<\/strong> \u2013 working from anywhere and on any device is simply everyday reality.<\/p>\n<h5><strong>Managing talent in generations Y and Z<\/strong><\/h5>\n<p>Younger employees aren\u2019t afraid of change. If they can\u2019t find opportunities to grow and express themselves, they will leave \u2013 and often see that as a conscious choice, not a failure.<\/p>\n<p>\u2705 Onboarding as the start of a relationship, not just a checklist.<\/p>\n<p>\u2705 A culture of dialogue, not one-way communication.<\/p>\n<p>\u2705 Leaders as mentors, not just supervisors.<\/p>\n<p>\u2705 Project-based work \u2013 with clear goals and tangible outcomes.<\/p>\n<h5><strong>Generations that reshape organizations \u2013 but how different are they really?<\/strong><\/h5>\n<p>Millennials and Gen Z are often described as more self-aware \u2013 they know what they want from work and communicate it openly. Organizations that learn to understand this language tend to attract talent and create more authentic environments.<\/p>\n<p>But are the differences between generations truly as sharp as they\u2019re often presented? That remains open to debate. It\u2019s worth looking at experiences across different companies and discussing what actually sets generations apart \u2013 and what is simply the natural evolution of the workplace.<\/p>\n<p>[\/vc_column_text][\/vc_column][vc_column width=&#8221;1\/6&#8243;][\/vc_column][\/vc_row][vc_row full_width=&#8221;stretch_row&#8221; css=&#8221;.vc_custom_1723018383814{padding-top: 40px !important;background-color: #ffffff !important;background-position: center !important;background-repeat: no-repeat !important;background-size: cover !important;}&#8221; mobile_bg_img_hidden=&#8221;no&#8221; tablet_bg_img_hidden=&#8221;no&#8221; woodmart_parallax=&#8221;0&#8243; woodmart_gradient_switch=&#8221;no&#8221; row_reverse_mobile=&#8221;0&#8243; row_reverse_tablet=&#8221;0&#8243; woodmart_disable_overflow=&#8221;0&#8243; woodmart_box_shadow=&#8221;no&#8221; wd_z_index=&#8221;no&#8221; woodmart_css_id=&#8221;66b32c8b14629&#8243; responsive_spacing=&#8221;eyJwYXJhbV90eXBlIjoid29vZG1hcnRfcmVzcG9uc2l2ZV9zcGFjaW5nIiwic2VsZWN0b3JfaWQiOiI2NmIzMmM4YjE0NjI5Iiwic2hvcnRjb2RlIjoidmNfcm93IiwiZGF0YSI6eyJ0YWJsZXQiOnsibWFyZ2luLWJvdHRvbSI6IjYwcHgifSwibW9iaWxlIjp7fX19&#8243;][vc_column]\n\t\t<div id=\"wd-66d05dd413274\" class=\"title-wrapper wd-wpb set-mb-s reset-last-child  wd-rs-66d05dd413274 wd-title-color-default wd-title-style-default text-center  wd-underline-colored\">\n\t\t\t\n\t\t\t<div class=\"liner-continer\">\n\t\t\t\t<h4 class=\"woodmart-title-container title  wd-font-weight- wd-fontsize-l\" >Stay up to date<\/h4>\n\t\t\t\t\t\t\t<\/div>\n\t\t\t\n\t\t\t\n\t\t\t\n\t\t<\/div>\n\t\t\n\t\t\t\t\t<div id=\"carousel-815\" class=\"wd-carousel-container  wd-wpb wd-rs-66b3240219fee  wd-posts wd-blog-element\">\n\t\t\t\t\n\t\t\t\t<div class=\"wd-carousel-inner\">\n\t\t\t\t\t<div class=\" wd-carousel wd-grid\" data-scroll_per_page=\"yes\" style=\"--wd-col-lg:3;--wd-col-md:3;--wd-col-sm:1;--wd-gap-lg:20px;--wd-gap-sm:10px;\">\n\t\t\t\t\t\t<div class=\"wd-carousel-wrap\">\n\t\t\t\t\t\t\t\t\t<div class=\"wd-carousel-item\">\n\t\t\t\t\t\t\t\t\t\t\t\n<article id=\"post-11571\" class=\"wd-post blog-post-loop blog-design-masonry blog-style-bg post-11571 post type-post status-publish format-standard has-post-thumbnail hentry category-job-market tag-communication tag-in4ge-en tag-job-market tag-life-work-balance-en tag-recruitment tag-well-being-2\">\n\t<div class=\"article-inner\">\n\t\t<header class=\"entry-header\">\n\t\t\t\t\t\t\t<figure class=\"entry-thumbnail\">\n\t\t\t\t\t\t\t\t\t\t\t<div class=\"post-img-wrapp\">\n\t\t\t\t\t\t\t<a href=\"https:\/\/in4ge.com\/en\/2026\/01\/back-to-the-office-reality-or-just-a-narrative\/\">\n\t\t\t\t\t\t\t\t<img loading=\"lazy\" decoding=\"async\" width=\"400\" height=\"240\" src=\"https:\/\/in4ge.com\/wp-content\/uploads\/2026\/01\/Powrot-do-biur-\u2013-rzeczywistosc-czy-mit-in4ge-400x240.jpg\" class=\"attachment-medium size-medium\" alt=\"Powr\u00f3t do biur \u2013 rzeczywisto\u015b\u0107 czy mit in4ge\" srcset=\"https:\/\/in4ge.com\/wp-content\/uploads\/2026\/01\/Powrot-do-biur-\u2013-rzeczywistosc-czy-mit-in4ge-400x240.jpg 400w, https:\/\/in4ge.com\/wp-content\/uploads\/2026\/01\/Powrot-do-biur-\u2013-rzeczywistosc-czy-mit-in4ge-768x461.jpg 768w, https:\/\/in4ge.com\/wp-content\/uploads\/2026\/01\/Powrot-do-biur-\u2013-rzeczywistosc-czy-mit-in4ge-430x258.jpg 430w, https:\/\/in4ge.com\/wp-content\/uploads\/2026\/01\/Powrot-do-biur-\u2013-rzeczywistosc-czy-mit-in4ge-700x420.jpg 700w, https:\/\/in4ge.com\/wp-content\/uploads\/2026\/01\/Powrot-do-biur-\u2013-rzeczywistosc-czy-mit-in4ge-150x90.jpg 150w, https:\/\/in4ge.com\/wp-content\/uploads\/2026\/01\/Powrot-do-biur-\u2013-rzeczywistosc-czy-mit-in4ge.jpg 1000w\" sizes=\"auto, (max-width: 400px) 100vw, 400px\" \/>\t\t\t\t\t\t\t<\/a>\n\t\t\t\t\t\t<\/div>\n\t\t\t\t\t\t\t\t\t\t<div class=\"post-image-mask\">\n\t\t\t\t\t\t<span><\/span>\n\t\t\t\t\t<\/div>\n\t\t\t\t<\/figure>\n\t\t\t\n\t\t\t\t\t\t<div class=\"post-date wd-post-date wd-style-with-bg\">\n\t\t\t\t<span class=\"post-date-day\">\n\t\t\t\t\t07\t\t\t\t<\/span>\n\t\t\t\t<span class=\"post-date-month\">\n\t\t\t\t\tJan\t\t\t\t<\/span>\n\t\t\t<\/div>\n\t\t\t\t<\/header><!-- .entry-header -->\n\n\t\t<div class=\"article-body-container\">\n\t\t\t\t\t\t\t<div class=\"meta-categories-wrapp\"><div class=\"meta-post-categories wd-post-cat wd-style-with-bg\"><a href=\"https:\/\/in4ge.com\/en\/category\/job-market\/\" rel=\"category tag\">JOB MARKET<\/a><\/div><\/div>\n\t\t\t\n\t\t\t\t\t\t\t<h3 class=\"wd-entities-title title post-title\">\n\t\t\t\t\t<a href=\"https:\/\/in4ge.com\/en\/2026\/01\/back-to-the-office-reality-or-just-a-narrative\/\" rel=\"bookmark\">Back to the Office \u2013 Reality or Just a Narrative? Trends in Remote, Hybrid and On-site Work<\/a>\n\t\t\t\t<\/h3>\n\t\t\t\n\t\t\t\t\t\t\t<div class=\"entry-meta wd-entry-meta\">\n\t\t\t\t\t\t\t\t<ul class=\"entry-meta-list\">\n\t\t\t\t\t\t\t\t\t<li class=\"modified-date\">\n\t\t\t\t\t\t\t\t<time class=\"updated\" datetime=\"2026-01-07T12:50:27+01:00\">\n\t\t\t07\/01\/2026\t\t<\/time>\n\t\t\t\t\t\t\t<\/li>\n\n\t\t\t\t\t\n\t\t\t\t\t\t\t\t\t\t\t<li class=\"meta-author\">\n\t\t\t\t\t\t\t\t\t\t\t\t<span>Posted by<\/span>\n\t\t\n\t\t\t\t\t<img alt='author-avatar' src='https:\/\/secure.gravatar.com\/avatar\/68947eaeacabcd4a86b3c4a676945e7c3375ec67f44b4d66892f81e97267c20f?s=32&#038;d=mm&#038;r=g' srcset='https:\/\/secure.gravatar.com\/avatar\/68947eaeacabcd4a86b3c4a676945e7c3375ec67f44b4d66892f81e97267c20f?s=64&#038;d=mm&#038;r=g 2x' class='avatar avatar-32 photo' height='32' width='32' \/>\t\t\n\t\t<a href=\"https:\/\/in4ge.com\/en\/author\/mchomicka\/\" rel=\"author\">\n\t\t\t<span class=\"vcard author author_name\">\n\t\t\t\t<span class=\"fn\">Redakcja<\/span>\n\t\t\t<\/span>\n\t\t<\/a>\n\t\t\t\t\t\t\t\t<\/li>\n\t\t\t\t\t\n\t\t\t\t\t\n\t\t\t\t\t\t\t\t\t\t\t\t<\/ul>\n\t\t\t\t\t\t<\/div><!-- .entry-meta -->\n\n\t\t\t\t\t\t\t\n\t\t\t\n\t\t\t\n\t\t\t\t\t\t\t\t\t\t\t\t<p class=\"read-more-section\">\n\t\t\t\t\t\t<a class=\"btn-read-more more-link\" href=\"https:\/\/in4ge.com\/en\/2026\/01\/back-to-the-office-reality-or-just-a-narrative\/\">Continue reading<\/a>\t\t\t\t\t<\/p>\n\t\t\t\t\t\t\t\t\t<\/div>\n\t<\/div>\n<\/article><!-- #post -->\n\n\t\t\t\t\t\n\t\t<\/div>\n\t\t\t\t<div class=\"wd-carousel-item\">\n\t\t\t\t\t\t\t\t\t\t\t\n<article id=\"post-11560\" class=\"wd-post blog-post-loop blog-design-masonry blog-style-bg post-11560 post type-post status-publish format-standard has-post-thumbnail hentry category-recruitment tag-communication tag-in4ge-en tag-job-market tag-life-work-balance-en tag-recruitment tag-well-being-2\">\n\t<div class=\"article-inner\">\n\t\t<header class=\"entry-header\">\n\t\t\t\t\t\t\t<figure class=\"entry-thumbnail\">\n\t\t\t\t\t\t\t\t\t\t\t<div class=\"post-img-wrapp\">\n\t\t\t\t\t\t\t<a href=\"https:\/\/in4ge.com\/en\/2025\/12\/soft-skills-which-ones-will-be-crucial-in-recruitment\/\">\n\t\t\t\t\t\t\t\t<img loading=\"lazy\" decoding=\"async\" width=\"400\" height=\"240\" src=\"https:\/\/in4ge.com\/wp-content\/uploads\/2025\/12\/Kompetencje-miekkie-\u2013-jakie-beda-kluczowe-w-rekrutacji-in4ge-400x240.jpg\" class=\"attachment-medium size-medium\" alt=\"Kompetencje mi\u0119kkie \u2013 jakie b\u0119d\u0105 kluczowe w rekrutacji in4ge\" srcset=\"https:\/\/in4ge.com\/wp-content\/uploads\/2025\/12\/Kompetencje-miekkie-\u2013-jakie-beda-kluczowe-w-rekrutacji-in4ge-400x240.jpg 400w, https:\/\/in4ge.com\/wp-content\/uploads\/2025\/12\/Kompetencje-miekkie-\u2013-jakie-beda-kluczowe-w-rekrutacji-in4ge-768x461.jpg 768w, https:\/\/in4ge.com\/wp-content\/uploads\/2025\/12\/Kompetencje-miekkie-\u2013-jakie-beda-kluczowe-w-rekrutacji-in4ge-430x258.jpg 430w, https:\/\/in4ge.com\/wp-content\/uploads\/2025\/12\/Kompetencje-miekkie-\u2013-jakie-beda-kluczowe-w-rekrutacji-in4ge-700x420.jpg 700w, https:\/\/in4ge.com\/wp-content\/uploads\/2025\/12\/Kompetencje-miekkie-\u2013-jakie-beda-kluczowe-w-rekrutacji-in4ge-150x90.jpg 150w, https:\/\/in4ge.com\/wp-content\/uploads\/2025\/12\/Kompetencje-miekkie-\u2013-jakie-beda-kluczowe-w-rekrutacji-in4ge.jpg 1000w\" sizes=\"auto, (max-width: 400px) 100vw, 400px\" \/>\t\t\t\t\t\t\t<\/a>\n\t\t\t\t\t\t<\/div>\n\t\t\t\t\t\t\t\t\t\t<div class=\"post-image-mask\">\n\t\t\t\t\t\t<span><\/span>\n\t\t\t\t\t<\/div>\n\t\t\t\t<\/figure>\n\t\t\t\n\t\t\t\t\t\t<div class=\"post-date wd-post-date wd-style-with-bg\">\n\t\t\t\t<span class=\"post-date-day\">\n\t\t\t\t\t10\t\t\t\t<\/span>\n\t\t\t\t<span class=\"post-date-month\">\n\t\t\t\t\tDec\t\t\t\t<\/span>\n\t\t\t<\/div>\n\t\t\t\t<\/header><!-- .entry-header -->\n\n\t\t<div class=\"article-body-container\">\n\t\t\t\t\t\t\t<div class=\"meta-categories-wrapp\"><div class=\"meta-post-categories wd-post-cat wd-style-with-bg\"><a href=\"https:\/\/in4ge.com\/en\/category\/recruitment\/\" rel=\"category tag\">RECRUITMENT<\/a><\/div><\/div>\n\t\t\t\n\t\t\t\t\t\t\t<h3 class=\"wd-entities-title title post-title\">\n\t\t\t\t\t<a href=\"https:\/\/in4ge.com\/en\/2025\/12\/soft-skills-which-ones-will-be-crucial-in-recruitment\/\" rel=\"bookmark\">Soft skills \u2013 which ones will be crucial in recruitment?<\/a>\n\t\t\t\t<\/h3>\n\t\t\t\n\t\t\t\t\t\t\t<div class=\"entry-meta wd-entry-meta\">\n\t\t\t\t\t\t\t\t<ul class=\"entry-meta-list\">\n\t\t\t\t\t\t\t\t\t<li class=\"modified-date\">\n\t\t\t\t\t\t\t\t<time class=\"updated\" datetime=\"2025-12-10T11:40:02+01:00\">\n\t\t\t10\/12\/2025\t\t<\/time>\n\t\t\t\t\t\t\t<\/li>\n\n\t\t\t\t\t\n\t\t\t\t\t\t\t\t\t\t\t<li class=\"meta-author\">\n\t\t\t\t\t\t\t\t\t\t\t\t<span>Posted by<\/span>\n\t\t\n\t\t\t\t\t<img alt='author-avatar' src='https:\/\/secure.gravatar.com\/avatar\/68947eaeacabcd4a86b3c4a676945e7c3375ec67f44b4d66892f81e97267c20f?s=32&#038;d=mm&#038;r=g' srcset='https:\/\/secure.gravatar.com\/avatar\/68947eaeacabcd4a86b3c4a676945e7c3375ec67f44b4d66892f81e97267c20f?s=64&#038;d=mm&#038;r=g 2x' class='avatar avatar-32 photo' height='32' width='32' \/>\t\t\n\t\t<a href=\"https:\/\/in4ge.com\/en\/author\/mchomicka\/\" rel=\"author\">\n\t\t\t<span class=\"vcard author author_name\">\n\t\t\t\t<span class=\"fn\">Redakcja<\/span>\n\t\t\t<\/span>\n\t\t<\/a>\n\t\t\t\t\t\t\t\t<\/li>\n\t\t\t\t\t\n\t\t\t\t\t\n\t\t\t\t\t\t\t\t\t\t\t\t<\/ul>\n\t\t\t\t\t\t<\/div><!-- .entry-meta -->\n\n\t\t\t\t\t\t\t\n\t\t\t\n\t\t\t\n\t\t\t\t\t\t\t\t\t\t\t\t<p class=\"read-more-section\">\n\t\t\t\t\t\t<a class=\"btn-read-more more-link\" href=\"https:\/\/in4ge.com\/en\/2025\/12\/soft-skills-which-ones-will-be-crucial-in-recruitment\/\">Continue reading<\/a>\t\t\t\t\t<\/p>\n\t\t\t\t\t\t\t\t\t<\/div>\n\t<\/div>\n<\/article><!-- #post -->\n\n\t\t\t\t\t\n\t\t<\/div>\n\t\t\t\t<div class=\"wd-carousel-item\">\n\t\t\t\t\t\t\t\t\t\t\t\n<article id=\"post-11547\" class=\"wd-post blog-post-loop blog-design-masonry blog-style-bg post-11547 post type-post status-publish format-standard has-post-thumbnail hentry category-recruitment tag-communication tag-in4ge-en tag-job-market tag-life-work-balance-en tag-recruitment tag-well-being-2\">\n\t<div class=\"article-inner\">\n\t\t<header class=\"entry-header\">\n\t\t\t\t\t\t\t<figure class=\"entry-thumbnail\">\n\t\t\t\t\t\t\t\t\t\t\t<div class=\"post-img-wrapp\">\n\t\t\t\t\t\t\t<a href=\"https:\/\/in4ge.com\/en\/2025\/11\/ethics-and-transparency-are-becoming-essential-in-business\/\">\n\t\t\t\t\t\t\t\t<img loading=\"lazy\" decoding=\"async\" width=\"400\" height=\"240\" src=\"https:\/\/in4ge.com\/wp-content\/uploads\/2025\/11\/Etyka-i-transparentnosc-w-biznesie-\u2013-oczekiwanie-czy-koniecznosc-in4ge-400x240.jpg\" class=\"attachment-medium size-medium\" alt=\"Etyka i transparentno\u015b\u0107 w biznesie \u2013 oczekiwanie czy konieczno\u015b\u0107 in4ge\" srcset=\"https:\/\/in4ge.com\/wp-content\/uploads\/2025\/11\/Etyka-i-transparentnosc-w-biznesie-\u2013-oczekiwanie-czy-koniecznosc-in4ge-400x240.jpg 400w, https:\/\/in4ge.com\/wp-content\/uploads\/2025\/11\/Etyka-i-transparentnosc-w-biznesie-\u2013-oczekiwanie-czy-koniecznosc-in4ge-768x461.jpg 768w, https:\/\/in4ge.com\/wp-content\/uploads\/2025\/11\/Etyka-i-transparentnosc-w-biznesie-\u2013-oczekiwanie-czy-koniecznosc-in4ge-430x258.jpg 430w, https:\/\/in4ge.com\/wp-content\/uploads\/2025\/11\/Etyka-i-transparentnosc-w-biznesie-\u2013-oczekiwanie-czy-koniecznosc-in4ge-700x420.jpg 700w, https:\/\/in4ge.com\/wp-content\/uploads\/2025\/11\/Etyka-i-transparentnosc-w-biznesie-\u2013-oczekiwanie-czy-koniecznosc-in4ge-150x90.jpg 150w, https:\/\/in4ge.com\/wp-content\/uploads\/2025\/11\/Etyka-i-transparentnosc-w-biznesie-\u2013-oczekiwanie-czy-koniecznosc-in4ge.jpg 1000w\" sizes=\"auto, (max-width: 400px) 100vw, 400px\" \/>\t\t\t\t\t\t\t<\/a>\n\t\t\t\t\t\t<\/div>\n\t\t\t\t\t\t\t\t\t\t<div class=\"post-image-mask\">\n\t\t\t\t\t\t<span><\/span>\n\t\t\t\t\t<\/div>\n\t\t\t\t<\/figure>\n\t\t\t\n\t\t\t\t\t\t<div class=\"post-date wd-post-date wd-style-with-bg\">\n\t\t\t\t<span class=\"post-date-day\">\n\t\t\t\t\t26\t\t\t\t<\/span>\n\t\t\t\t<span class=\"post-date-month\">\n\t\t\t\t\tNov\t\t\t\t<\/span>\n\t\t\t<\/div>\n\t\t\t\t<\/header><!-- .entry-header -->\n\n\t\t<div class=\"article-body-container\">\n\t\t\t\t\t\t\t<div class=\"meta-categories-wrapp\"><div class=\"meta-post-categories wd-post-cat wd-style-with-bg\"><a href=\"https:\/\/in4ge.com\/en\/category\/recruitment\/\" rel=\"category tag\">RECRUITMENT<\/a><\/div><\/div>\n\t\t\t\n\t\t\t\t\t\t\t<h3 class=\"wd-entities-title title post-title\">\n\t\t\t\t\t<a href=\"https:\/\/in4ge.com\/en\/2025\/11\/ethics-and-transparency-are-becoming-essential-in-business\/\" rel=\"bookmark\">Ethics and transparency in business \u2013 an expectation or a necessity?<\/a>\n\t\t\t\t<\/h3>\n\t\t\t\n\t\t\t\t\t\t\t<div class=\"entry-meta wd-entry-meta\">\n\t\t\t\t\t\t\t\t<ul class=\"entry-meta-list\">\n\t\t\t\t\t\t\t\t\t<li class=\"modified-date\">\n\t\t\t\t\t\t\t\t<time class=\"updated\" datetime=\"2025-11-26T14:00:36+01:00\">\n\t\t\t26\/11\/2025\t\t<\/time>\n\t\t\t\t\t\t\t<\/li>\n\n\t\t\t\t\t\n\t\t\t\t\t\t\t\t\t\t\t<li class=\"meta-author\">\n\t\t\t\t\t\t\t\t\t\t\t\t<span>Posted by<\/span>\n\t\t\n\t\t\t\t\t<img alt='author-avatar' src='https:\/\/secure.gravatar.com\/avatar\/68947eaeacabcd4a86b3c4a676945e7c3375ec67f44b4d66892f81e97267c20f?s=32&#038;d=mm&#038;r=g' srcset='https:\/\/secure.gravatar.com\/avatar\/68947eaeacabcd4a86b3c4a676945e7c3375ec67f44b4d66892f81e97267c20f?s=64&#038;d=mm&#038;r=g 2x' class='avatar avatar-32 photo' height='32' width='32' \/>\t\t\n\t\t<a href=\"https:\/\/in4ge.com\/en\/author\/mchomicka\/\" rel=\"author\">\n\t\t\t<span class=\"vcard author author_name\">\n\t\t\t\t<span class=\"fn\">Redakcja<\/span>\n\t\t\t<\/span>\n\t\t<\/a>\n\t\t\t\t\t\t\t\t<\/li>\n\t\t\t\t\t\n\t\t\t\t\t\n\t\t\t\t\t\t\t\t\t\t\t\t<\/ul>\n\t\t\t\t\t\t<\/div><!-- .entry-meta -->\n\n\t\t\t\t\t\t\t\n\t\t\t\n\t\t\t\n\t\t\t\t\t\t\t\t\t\t\t\t<p class=\"read-more-section\">\n\t\t\t\t\t\t<a class=\"btn-read-more more-link\" href=\"https:\/\/in4ge.com\/en\/2025\/11\/ethics-and-transparency-are-becoming-essential-in-business\/\">Continue reading<\/a>\t\t\t\t\t<\/p>\n\t\t\t\t\t\t\t\t\t<\/div>\n\t<\/div>\n<\/article><!-- #post -->\n\n\t\t\t\t\t\n\t\t<\/div>\n\t\t\t\t<div class=\"wd-carousel-item\">\n\t\t\t\t\t\t\t\t\t\t\t\n<article id=\"post-11536\" class=\"wd-post blog-post-loop blog-design-masonry blog-style-bg post-11536 post type-post status-publish format-standard has-post-thumbnail hentry category-recruitment tag-communication tag-in4ge-en tag-job-market tag-life-work-balance-en tag-recruitment tag-well-being-2\">\n\t<div class=\"article-inner\">\n\t\t<header class=\"entry-header\">\n\t\t\t\t\t\t\t<figure class=\"entry-thumbnail\">\n\t\t\t\t\t\t\t\t\t\t\t<div class=\"post-img-wrapp\">\n\t\t\t\t\t\t\t<a href=\"https:\/\/in4ge.com\/en\/2025\/11\/integration-instead-of-balance-can-work-and-life-play-on-the-same-team-2\/\">\n\t\t\t\t\t\t\t\t<img loading=\"lazy\" decoding=\"async\" width=\"400\" height=\"240\" src=\"https:\/\/in4ge.com\/wp-content\/uploads\/2025\/11\/Rekrutacja-z-wykorzystaniem-AI-\u2013-jak-daleko-jestesmy-od-automatyzacji-in4ge-400x240.jpg\" class=\"attachment-medium size-medium\" alt=\"Rekrutacja z wykorzystaniem AI \u2013 jak daleko jeste\u015bmy od automatyzacji in4ge\" srcset=\"https:\/\/in4ge.com\/wp-content\/uploads\/2025\/11\/Rekrutacja-z-wykorzystaniem-AI-\u2013-jak-daleko-jestesmy-od-automatyzacji-in4ge-400x240.jpg 400w, https:\/\/in4ge.com\/wp-content\/uploads\/2025\/11\/Rekrutacja-z-wykorzystaniem-AI-\u2013-jak-daleko-jestesmy-od-automatyzacji-in4ge-768x461.jpg 768w, https:\/\/in4ge.com\/wp-content\/uploads\/2025\/11\/Rekrutacja-z-wykorzystaniem-AI-\u2013-jak-daleko-jestesmy-od-automatyzacji-in4ge-430x258.jpg 430w, https:\/\/in4ge.com\/wp-content\/uploads\/2025\/11\/Rekrutacja-z-wykorzystaniem-AI-\u2013-jak-daleko-jestesmy-od-automatyzacji-in4ge-700x420.jpg 700w, https:\/\/in4ge.com\/wp-content\/uploads\/2025\/11\/Rekrutacja-z-wykorzystaniem-AI-\u2013-jak-daleko-jestesmy-od-automatyzacji-in4ge-150x90.jpg 150w, https:\/\/in4ge.com\/wp-content\/uploads\/2025\/11\/Rekrutacja-z-wykorzystaniem-AI-\u2013-jak-daleko-jestesmy-od-automatyzacji-in4ge.jpg 1000w\" sizes=\"auto, (max-width: 400px) 100vw, 400px\" \/>\t\t\t\t\t\t\t<\/a>\n\t\t\t\t\t\t<\/div>\n\t\t\t\t\t\t\t\t\t\t<div class=\"post-image-mask\">\n\t\t\t\t\t\t<span><\/span>\n\t\t\t\t\t<\/div>\n\t\t\t\t<\/figure>\n\t\t\t\n\t\t\t\t\t\t<div class=\"post-date wd-post-date wd-style-with-bg\">\n\t\t\t\t<span class=\"post-date-day\">\n\t\t\t\t\t12\t\t\t\t<\/span>\n\t\t\t\t<span class=\"post-date-month\">\n\t\t\t\t\tNov\t\t\t\t<\/span>\n\t\t\t<\/div>\n\t\t\t\t<\/header><!-- .entry-header -->\n\n\t\t<div class=\"article-body-container\">\n\t\t\t\t\t\t\t<div class=\"meta-categories-wrapp\"><div class=\"meta-post-categories wd-post-cat wd-style-with-bg\"><a href=\"https:\/\/in4ge.com\/en\/category\/recruitment\/\" rel=\"category tag\">RECRUITMENT<\/a><\/div><\/div>\n\t\t\t\n\t\t\t\t\t\t\t<h3 class=\"wd-entities-title title post-title\">\n\t\t\t\t\t<a href=\"https:\/\/in4ge.com\/en\/2025\/11\/integration-instead-of-balance-can-work-and-life-play-on-the-same-team-2\/\" rel=\"bookmark\">Recruitment with AI \u2013 how far are we from full automation?<\/a>\n\t\t\t\t<\/h3>\n\t\t\t\n\t\t\t\t\t\t\t<div class=\"entry-meta wd-entry-meta\">\n\t\t\t\t\t\t\t\t<ul class=\"entry-meta-list\">\n\t\t\t\t\t\t\t\t\t<li class=\"modified-date\">\n\t\t\t\t\t\t\t\t<time class=\"updated\" datetime=\"2025-11-12T10:40:08+01:00\">\n\t\t\t12\/11\/2025\t\t<\/time>\n\t\t\t\t\t\t\t<\/li>\n\n\t\t\t\t\t\n\t\t\t\t\t\t\t\t\t\t\t<li class=\"meta-author\">\n\t\t\t\t\t\t\t\t\t\t\t\t<span>Posted by<\/span>\n\t\t\n\t\t\t\t\t<img alt='author-avatar' src='https:\/\/secure.gravatar.com\/avatar\/68947eaeacabcd4a86b3c4a676945e7c3375ec67f44b4d66892f81e97267c20f?s=32&#038;d=mm&#038;r=g' srcset='https:\/\/secure.gravatar.com\/avatar\/68947eaeacabcd4a86b3c4a676945e7c3375ec67f44b4d66892f81e97267c20f?s=64&#038;d=mm&#038;r=g 2x' class='avatar avatar-32 photo' height='32' width='32' \/>\t\t\n\t\t<a href=\"https:\/\/in4ge.com\/en\/author\/mchomicka\/\" rel=\"author\">\n\t\t\t<span class=\"vcard author author_name\">\n\t\t\t\t<span class=\"fn\">Redakcja<\/span>\n\t\t\t<\/span>\n\t\t<\/a>\n\t\t\t\t\t\t\t\t<\/li>\n\t\t\t\t\t\n\t\t\t\t\t\n\t\t\t\t\t\t\t\t\t\t\t\t<\/ul>\n\t\t\t\t\t\t<\/div><!-- .entry-meta -->\n\n\t\t\t\t\t\t\t\n\t\t\t\n\t\t\t\n\t\t\t\t\t\t\t\t\t\t\t\t<p class=\"read-more-section\">\n\t\t\t\t\t\t<a class=\"btn-read-more more-link\" href=\"https:\/\/in4ge.com\/en\/2025\/11\/integration-instead-of-balance-can-work-and-life-play-on-the-same-team-2\/\">Continue reading<\/a>\t\t\t\t\t<\/p>\n\t\t\t\t\t\t\t\t\t<\/div>\n\t<\/div>\n<\/article><!-- #post -->\n\n\t\t\t\t\t\n\t\t<\/div>\n\t\t\t\t<div class=\"wd-carousel-item\">\n\t\t\t\t\t\t\t\t\t\t\t\n<article id=\"post-11517\" class=\"wd-post blog-post-loop blog-design-masonry blog-style-bg post-11517 post type-post status-publish format-standard has-post-thumbnail hentry category-future-of-work tag-communication tag-in4ge-en tag-job-market tag-life-work-balance-en tag-recruitment tag-well-being-2\">\n\t<div class=\"article-inner\">\n\t\t<header class=\"entry-header\">\n\t\t\t\t\t\t\t<figure class=\"entry-thumbnail\">\n\t\t\t\t\t\t\t\t\t\t\t<div class=\"post-img-wrapp\">\n\t\t\t\t\t\t\t<a href=\"https:\/\/in4ge.com\/en\/2025\/10\/integration-instead-of-balance-can-work-and-life-play-on-the-same-team\/\">\n\t\t\t\t\t\t\t\t<img loading=\"lazy\" decoding=\"async\" width=\"400\" height=\"240\" src=\"https:\/\/in4ge.com\/wp-content\/uploads\/2025\/10\/Integracja-zamiast-balansu-\u2013-czy-praca-i-zycie-moga-grac-w-jednej-druzynie-in4ge-400x240.jpg\" class=\"attachment-medium size-medium\" alt=\"Integracja zamiast balansu \u2013 czy praca i \u017cycie mog\u0105 gra\u0107 w jednej dru\u017cynie in4ge\" srcset=\"https:\/\/in4ge.com\/wp-content\/uploads\/2025\/10\/Integracja-zamiast-balansu-\u2013-czy-praca-i-zycie-moga-grac-w-jednej-druzynie-in4ge-400x240.jpg 400w, https:\/\/in4ge.com\/wp-content\/uploads\/2025\/10\/Integracja-zamiast-balansu-\u2013-czy-praca-i-zycie-moga-grac-w-jednej-druzynie-in4ge-768x461.jpg 768w, https:\/\/in4ge.com\/wp-content\/uploads\/2025\/10\/Integracja-zamiast-balansu-\u2013-czy-praca-i-zycie-moga-grac-w-jednej-druzynie-in4ge-430x258.jpg 430w, https:\/\/in4ge.com\/wp-content\/uploads\/2025\/10\/Integracja-zamiast-balansu-\u2013-czy-praca-i-zycie-moga-grac-w-jednej-druzynie-in4ge-700x420.jpg 700w, https:\/\/in4ge.com\/wp-content\/uploads\/2025\/10\/Integracja-zamiast-balansu-\u2013-czy-praca-i-zycie-moga-grac-w-jednej-druzynie-in4ge-150x90.jpg 150w, https:\/\/in4ge.com\/wp-content\/uploads\/2025\/10\/Integracja-zamiast-balansu-\u2013-czy-praca-i-zycie-moga-grac-w-jednej-druzynie-in4ge.jpg 1000w\" sizes=\"auto, (max-width: 400px) 100vw, 400px\" \/>\t\t\t\t\t\t\t<\/a>\n\t\t\t\t\t\t<\/div>\n\t\t\t\t\t\t\t\t\t\t<div class=\"post-image-mask\">\n\t\t\t\t\t\t<span><\/span>\n\t\t\t\t\t<\/div>\n\t\t\t\t<\/figure>\n\t\t\t\n\t\t\t\t\t\t<div class=\"post-date wd-post-date wd-style-with-bg\">\n\t\t\t\t<span class=\"post-date-day\">\n\t\t\t\t\t29\t\t\t\t<\/span>\n\t\t\t\t<span class=\"post-date-month\">\n\t\t\t\t\tOct\t\t\t\t<\/span>\n\t\t\t<\/div>\n\t\t\t\t<\/header><!-- .entry-header -->\n\n\t\t<div class=\"article-body-container\">\n\t\t\t\t\t\t\t<div class=\"meta-categories-wrapp\"><div class=\"meta-post-categories wd-post-cat wd-style-with-bg\"><a href=\"https:\/\/in4ge.com\/en\/category\/future-of-work\/\" rel=\"category tag\">FUTURE OF WORK<\/a><\/div><\/div>\n\t\t\t\n\t\t\t\t\t\t\t<h3 class=\"wd-entities-title title post-title\">\n\t\t\t\t\t<a href=\"https:\/\/in4ge.com\/en\/2025\/10\/integration-instead-of-balance-can-work-and-life-play-on-the-same-team\/\" rel=\"bookmark\">Integration instead of balance \u2013 can work and life play on the same team?<\/a>\n\t\t\t\t<\/h3>\n\t\t\t\n\t\t\t\t\t\t\t<div class=\"entry-meta wd-entry-meta\">\n\t\t\t\t\t\t\t\t<ul class=\"entry-meta-list\">\n\t\t\t\t\t\t\t\t\t<li class=\"modified-date\">\n\t\t\t\t\t\t\t\t<time class=\"updated\" datetime=\"2025-10-30T09:21:01+01:00\">\n\t\t\t30\/10\/2025\t\t<\/time>\n\t\t\t\t\t\t\t<\/li>\n\n\t\t\t\t\t\n\t\t\t\t\t\t\t\t\t\t\t<li class=\"meta-author\">\n\t\t\t\t\t\t\t\t\t\t\t\t<span>Posted by<\/span>\n\t\t\n\t\t\t\t\t<img alt='author-avatar' src='https:\/\/secure.gravatar.com\/avatar\/68947eaeacabcd4a86b3c4a676945e7c3375ec67f44b4d66892f81e97267c20f?s=32&#038;d=mm&#038;r=g' srcset='https:\/\/secure.gravatar.com\/avatar\/68947eaeacabcd4a86b3c4a676945e7c3375ec67f44b4d66892f81e97267c20f?s=64&#038;d=mm&#038;r=g 2x' class='avatar avatar-32 photo' height='32' width='32' \/>\t\t\n\t\t<a href=\"https:\/\/in4ge.com\/en\/author\/mchomicka\/\" rel=\"author\">\n\t\t\t<span class=\"vcard author author_name\">\n\t\t\t\t<span class=\"fn\">Redakcja<\/span>\n\t\t\t<\/span>\n\t\t<\/a>\n\t\t\t\t\t\t\t\t<\/li>\n\t\t\t\t\t\n\t\t\t\t\t\n\t\t\t\t\t\t\t\t\t\t\t\t<\/ul>\n\t\t\t\t\t\t<\/div><!-- .entry-meta -->\n\n\t\t\t\t\t\t\t\n\t\t\t\n\t\t\t\n\t\t\t\t\t\t\t\t\t\t\t\t<p class=\"read-more-section\">\n\t\t\t\t\t\t<a class=\"btn-read-more more-link\" href=\"https:\/\/in4ge.com\/en\/2025\/10\/integration-instead-of-balance-can-work-and-life-play-on-the-same-team\/\">Continue reading<\/a>\t\t\t\t\t<\/p>\n\t\t\t\t\t\t\t\t\t<\/div>\n\t<\/div>\n<\/article><!-- #post -->\n\n\t\t\t\t\t\n\t\t<\/div>\n\t\t\t\t<div class=\"wd-carousel-item\">\n\t\t\t\t\t\t\t\t\t\t\t\n<article id=\"post-11506\" class=\"wd-post blog-post-loop blog-design-masonry blog-style-bg post-11506 post type-post status-publish format-standard has-post-thumbnail hentry category-employer-branding-2 tag-communication tag-employer-branding-3 tag-in4ge-en tag-job-market tag-recruitment\">\n\t<div class=\"article-inner\">\n\t\t<header class=\"entry-header\">\n\t\t\t\t\t\t\t<figure class=\"entry-thumbnail\">\n\t\t\t\t\t\t\t\t\t\t\t<div class=\"post-img-wrapp\">\n\t\t\t\t\t\t\t<a href=\"https:\/\/in4ge.com\/en\/2025\/10\/workation-working-from-vacation-as-the-new-normal\/\">\n\t\t\t\t\t\t\t\t<img loading=\"lazy\" decoding=\"async\" width=\"400\" height=\"240\" src=\"https:\/\/in4ge.com\/wp-content\/uploads\/2025\/10\/Workation-\u2013-praca-z-wakacji-jako-nowa-norma-in4ge-400x240.jpg\" class=\"attachment-medium size-medium\" alt=\"Workation \u2013 praca z wakacji jako nowa norma in4ge\" srcset=\"https:\/\/in4ge.com\/wp-content\/uploads\/2025\/10\/Workation-\u2013-praca-z-wakacji-jako-nowa-norma-in4ge-400x240.jpg 400w, https:\/\/in4ge.com\/wp-content\/uploads\/2025\/10\/Workation-\u2013-praca-z-wakacji-jako-nowa-norma-in4ge-768x461.jpg 768w, https:\/\/in4ge.com\/wp-content\/uploads\/2025\/10\/Workation-\u2013-praca-z-wakacji-jako-nowa-norma-in4ge-430x258.jpg 430w, https:\/\/in4ge.com\/wp-content\/uploads\/2025\/10\/Workation-\u2013-praca-z-wakacji-jako-nowa-norma-in4ge-700x420.jpg 700w, https:\/\/in4ge.com\/wp-content\/uploads\/2025\/10\/Workation-\u2013-praca-z-wakacji-jako-nowa-norma-in4ge-150x90.jpg 150w, https:\/\/in4ge.com\/wp-content\/uploads\/2025\/10\/Workation-\u2013-praca-z-wakacji-jako-nowa-norma-in4ge.jpg 1000w\" sizes=\"auto, (max-width: 400px) 100vw, 400px\" \/>\t\t\t\t\t\t\t<\/a>\n\t\t\t\t\t\t<\/div>\n\t\t\t\t\t\t\t\t\t\t<div class=\"post-image-mask\">\n\t\t\t\t\t\t<span><\/span>\n\t\t\t\t\t<\/div>\n\t\t\t\t<\/figure>\n\t\t\t\n\t\t\t\t\t\t<div class=\"post-date wd-post-date wd-style-with-bg\">\n\t\t\t\t<span class=\"post-date-day\">\n\t\t\t\t\t22\t\t\t\t<\/span>\n\t\t\t\t<span class=\"post-date-month\">\n\t\t\t\t\tOct\t\t\t\t<\/span>\n\t\t\t<\/div>\n\t\t\t\t<\/header><!-- .entry-header -->\n\n\t\t<div class=\"article-body-container\">\n\t\t\t\t\t\t\t<div class=\"meta-categories-wrapp\"><div class=\"meta-post-categories wd-post-cat wd-style-with-bg\"><a href=\"https:\/\/in4ge.com\/en\/category\/employer-branding-2\/\" rel=\"category tag\">EMPLOYER BRANDING<\/a><\/div><\/div>\n\t\t\t\n\t\t\t\t\t\t\t<h3 class=\"wd-entities-title title post-title\">\n\t\t\t\t\t<a href=\"https:\/\/in4ge.com\/en\/2025\/10\/workation-working-from-vacation-as-the-new-normal\/\" rel=\"bookmark\">Workation \u2013 working from vacation as the new normal?<\/a>\n\t\t\t\t<\/h3>\n\t\t\t\n\t\t\t\t\t\t\t<div class=\"entry-meta wd-entry-meta\">\n\t\t\t\t\t\t\t\t<ul class=\"entry-meta-list\">\n\t\t\t\t\t\t\t\t\t<li class=\"modified-date\">\n\t\t\t\t\t\t\t\t<time class=\"updated\" datetime=\"2025-10-22T12:04:10+02:00\">\n\t\t\t22\/10\/2025\t\t<\/time>\n\t\t\t\t\t\t\t<\/li>\n\n\t\t\t\t\t\n\t\t\t\t\t\t\t\t\t\t\t<li class=\"meta-author\">\n\t\t\t\t\t\t\t\t\t\t\t\t<span>Posted by<\/span>\n\t\t\n\t\t\t\t\t<img alt='author-avatar' src='https:\/\/secure.gravatar.com\/avatar\/68947eaeacabcd4a86b3c4a676945e7c3375ec67f44b4d66892f81e97267c20f?s=32&#038;d=mm&#038;r=g' srcset='https:\/\/secure.gravatar.com\/avatar\/68947eaeacabcd4a86b3c4a676945e7c3375ec67f44b4d66892f81e97267c20f?s=64&#038;d=mm&#038;r=g 2x' class='avatar avatar-32 photo' height='32' width='32' \/>\t\t\n\t\t<a href=\"https:\/\/in4ge.com\/en\/author\/mchomicka\/\" rel=\"author\">\n\t\t\t<span class=\"vcard author author_name\">\n\t\t\t\t<span class=\"fn\">Redakcja<\/span>\n\t\t\t<\/span>\n\t\t<\/a>\n\t\t\t\t\t\t\t\t<\/li>\n\t\t\t\t\t\n\t\t\t\t\t\n\t\t\t\t\t\t\t\t\t\t\t\t<\/ul>\n\t\t\t\t\t\t<\/div><!-- .entry-meta -->\n\n\t\t\t\t\t\t\t\n\t\t\t\n\t\t\t\n\t\t\t\t\t\t\t\t\t\t\t\t<p class=\"read-more-section\">\n\t\t\t\t\t\t<a class=\"btn-read-more more-link\" href=\"https:\/\/in4ge.com\/en\/2025\/10\/workation-working-from-vacation-as-the-new-normal\/\">Continue reading<\/a>\t\t\t\t\t<\/p>\n\t\t\t\t\t\t\t\t\t<\/div>\n\t<\/div>\n<\/article><!-- #post -->\n\n\t\t\t\t\t\n\t\t<\/div>\n\t\t\t\t<div class=\"wd-carousel-item\">\n\t\t\t\t\t\t\t\t\t\t\t\n<article id=\"post-11476\" class=\"wd-post blog-post-loop blog-design-masonry blog-style-bg post-11476 post type-post status-publish format-standard has-post-thumbnail hentry category-job-market tag-communication tag-in4ge-en tag-job-market tag-recruitment tag-work-model\">\n\t<div class=\"article-inner\">\n\t\t<header class=\"entry-header\">\n\t\t\t\t\t\t\t<figure class=\"entry-thumbnail\">\n\t\t\t\t\t\t\t\t\t\t\t<div class=\"post-img-wrapp\">\n\t\t\t\t\t\t\t<a href=\"https:\/\/in4ge.com\/en\/2025\/10\/the-employer-as-a-partner-in-employee-development-a-new-standard-or-privilege\/\">\n\t\t\t\t\t\t\t\t<img loading=\"lazy\" decoding=\"async\" width=\"400\" height=\"240\" src=\"https:\/\/in4ge.com\/wp-content\/uploads\/2025\/10\/Pracodawca-jako-partner-rozwoju-pracownika-\u2013-nowy-standard-czy-wciaz-przywilej-in4ge-400x240.jpg\" class=\"attachment-medium size-medium\" alt=\"Pracodawca jako partner rozwoju pracownika \u2013 nowy standard czy wci\u0105\u017c przywilej in4ge\" srcset=\"https:\/\/in4ge.com\/wp-content\/uploads\/2025\/10\/Pracodawca-jako-partner-rozwoju-pracownika-\u2013-nowy-standard-czy-wciaz-przywilej-in4ge-400x240.jpg 400w, https:\/\/in4ge.com\/wp-content\/uploads\/2025\/10\/Pracodawca-jako-partner-rozwoju-pracownika-\u2013-nowy-standard-czy-wciaz-przywilej-in4ge-768x461.jpg 768w, https:\/\/in4ge.com\/wp-content\/uploads\/2025\/10\/Pracodawca-jako-partner-rozwoju-pracownika-\u2013-nowy-standard-czy-wciaz-przywilej-in4ge-430x258.jpg 430w, https:\/\/in4ge.com\/wp-content\/uploads\/2025\/10\/Pracodawca-jako-partner-rozwoju-pracownika-\u2013-nowy-standard-czy-wciaz-przywilej-in4ge-700x420.jpg 700w, https:\/\/in4ge.com\/wp-content\/uploads\/2025\/10\/Pracodawca-jako-partner-rozwoju-pracownika-\u2013-nowy-standard-czy-wciaz-przywilej-in4ge-150x90.jpg 150w, https:\/\/in4ge.com\/wp-content\/uploads\/2025\/10\/Pracodawca-jako-partner-rozwoju-pracownika-\u2013-nowy-standard-czy-wciaz-przywilej-in4ge.jpg 1000w\" sizes=\"auto, (max-width: 400px) 100vw, 400px\" \/>\t\t\t\t\t\t\t<\/a>\n\t\t\t\t\t\t<\/div>\n\t\t\t\t\t\t\t\t\t\t<div class=\"post-image-mask\">\n\t\t\t\t\t\t<span><\/span>\n\t\t\t\t\t<\/div>\n\t\t\t\t<\/figure>\n\t\t\t\n\t\t\t\t\t\t<div class=\"post-date wd-post-date wd-style-with-bg\">\n\t\t\t\t<span class=\"post-date-day\">\n\t\t\t\t\t08\t\t\t\t<\/span>\n\t\t\t\t<span class=\"post-date-month\">\n\t\t\t\t\tOct\t\t\t\t<\/span>\n\t\t\t<\/div>\n\t\t\t\t<\/header><!-- .entry-header -->\n\n\t\t<div class=\"article-body-container\">\n\t\t\t\t\t\t\t<div class=\"meta-categories-wrapp\"><div class=\"meta-post-categories wd-post-cat wd-style-with-bg\"><a href=\"https:\/\/in4ge.com\/en\/category\/job-market\/\" rel=\"category tag\">JOB MARKET<\/a><\/div><\/div>\n\t\t\t\n\t\t\t\t\t\t\t<h3 class=\"wd-entities-title title post-title\">\n\t\t\t\t\t<a href=\"https:\/\/in4ge.com\/en\/2025\/10\/the-employer-as-a-partner-in-employee-development-a-new-standard-or-privilege\/\" rel=\"bookmark\">The employer as a partner in employee development \u2013 a new standard or still a privilege?<\/a>\n\t\t\t\t<\/h3>\n\t\t\t\n\t\t\t\t\t\t\t<div class=\"entry-meta wd-entry-meta\">\n\t\t\t\t\t\t\t\t<ul class=\"entry-meta-list\">\n\t\t\t\t\t\t\t\t\t<li class=\"modified-date\">\n\t\t\t\t\t\t\t\t<time class=\"updated\" datetime=\"2025-10-08T09:32:59+02:00\">\n\t\t\t08\/10\/2025\t\t<\/time>\n\t\t\t\t\t\t\t<\/li>\n\n\t\t\t\t\t\n\t\t\t\t\t\t\t\t\t\t\t<li class=\"meta-author\">\n\t\t\t\t\t\t\t\t\t\t\t\t<span>Posted by<\/span>\n\t\t\n\t\t\t\t\t<img alt='author-avatar' src='https:\/\/secure.gravatar.com\/avatar\/68947eaeacabcd4a86b3c4a676945e7c3375ec67f44b4d66892f81e97267c20f?s=32&#038;d=mm&#038;r=g' srcset='https:\/\/secure.gravatar.com\/avatar\/68947eaeacabcd4a86b3c4a676945e7c3375ec67f44b4d66892f81e97267c20f?s=64&#038;d=mm&#038;r=g 2x' class='avatar avatar-32 photo' height='32' width='32' \/>\t\t\n\t\t<a href=\"https:\/\/in4ge.com\/en\/author\/mchomicka\/\" rel=\"author\">\n\t\t\t<span class=\"vcard author author_name\">\n\t\t\t\t<span class=\"fn\">Redakcja<\/span>\n\t\t\t<\/span>\n\t\t<\/a>\n\t\t\t\t\t\t\t\t<\/li>\n\t\t\t\t\t\n\t\t\t\t\t\n\t\t\t\t\t\t\t\t\t\t\t\t<\/ul>\n\t\t\t\t\t\t<\/div><!-- .entry-meta -->\n\n\t\t\t\t\t\t\t\n\t\t\t\n\t\t\t\n\t\t\t\t\t\t\t\t\t\t\t\t<p class=\"read-more-section\">\n\t\t\t\t\t\t<a class=\"btn-read-more more-link\" href=\"https:\/\/in4ge.com\/en\/2025\/10\/the-employer-as-a-partner-in-employee-development-a-new-standard-or-privilege\/\">Continue reading<\/a>\t\t\t\t\t<\/p>\n\t\t\t\t\t\t\t\t\t<\/div>\n\t<\/div>\n<\/article><!-- #post -->\n\n\t\t\t\t\t\n\t\t<\/div>\n\t\t\t\t<div class=\"wd-carousel-item\">\n\t\t\t\t\t\t\t\t\t\t\t\n<article id=\"post-11464\" class=\"wd-post blog-post-loop blog-design-masonry blog-style-bg post-11464 post type-post status-publish format-standard has-post-thumbnail hentry category-job-market tag-communication tag-in4ge-en tag-job-market tag-recruitment tag-work-model\">\n\t<div class=\"article-inner\">\n\t\t<header class=\"entry-header\">\n\t\t\t\t\t\t\t<figure class=\"entry-thumbnail\">\n\t\t\t\t\t\t\t\t\t\t\t<div class=\"post-img-wrapp\">\n\t\t\t\t\t\t\t<a href=\"https:\/\/in4ge.com\/en\/2025\/09\/authenticity-at-work-how-to-be-yourself\/\">\n\t\t\t\t\t\t\t\t<img loading=\"lazy\" decoding=\"async\" width=\"400\" height=\"240\" src=\"https:\/\/in4ge.com\/wp-content\/uploads\/2025\/09\/Autentycznosc-w-pracy-\u2013-jak-byc-soba-i-nie-zatracic-profesjonalizmu-in4ge-400x240.jpg\" class=\"attachment-medium size-medium\" alt=\"Autentyczno\u015b\u0107 w pracy \u2013 jak by\u0107 sob\u0105 i nie zatraci\u0107 profesjonalizmu in4ge\" srcset=\"https:\/\/in4ge.com\/wp-content\/uploads\/2025\/09\/Autentycznosc-w-pracy-\u2013-jak-byc-soba-i-nie-zatracic-profesjonalizmu-in4ge-400x240.jpg 400w, https:\/\/in4ge.com\/wp-content\/uploads\/2025\/09\/Autentycznosc-w-pracy-\u2013-jak-byc-soba-i-nie-zatracic-profesjonalizmu-in4ge-768x461.jpg 768w, https:\/\/in4ge.com\/wp-content\/uploads\/2025\/09\/Autentycznosc-w-pracy-\u2013-jak-byc-soba-i-nie-zatracic-profesjonalizmu-in4ge-430x258.jpg 430w, https:\/\/in4ge.com\/wp-content\/uploads\/2025\/09\/Autentycznosc-w-pracy-\u2013-jak-byc-soba-i-nie-zatracic-profesjonalizmu-in4ge-700x420.jpg 700w, https:\/\/in4ge.com\/wp-content\/uploads\/2025\/09\/Autentycznosc-w-pracy-\u2013-jak-byc-soba-i-nie-zatracic-profesjonalizmu-in4ge-150x90.jpg 150w, https:\/\/in4ge.com\/wp-content\/uploads\/2025\/09\/Autentycznosc-w-pracy-\u2013-jak-byc-soba-i-nie-zatracic-profesjonalizmu-in4ge.jpg 1000w\" sizes=\"auto, (max-width: 400px) 100vw, 400px\" \/>\t\t\t\t\t\t\t<\/a>\n\t\t\t\t\t\t<\/div>\n\t\t\t\t\t\t\t\t\t\t<div class=\"post-image-mask\">\n\t\t\t\t\t\t<span><\/span>\n\t\t\t\t\t<\/div>\n\t\t\t\t<\/figure>\n\t\t\t\n\t\t\t\t\t\t<div class=\"post-date wd-post-date wd-style-with-bg\">\n\t\t\t\t<span class=\"post-date-day\">\n\t\t\t\t\t17\t\t\t\t<\/span>\n\t\t\t\t<span class=\"post-date-month\">\n\t\t\t\t\tSep\t\t\t\t<\/span>\n\t\t\t<\/div>\n\t\t\t\t<\/header><!-- .entry-header -->\n\n\t\t<div class=\"article-body-container\">\n\t\t\t\t\t\t\t<div class=\"meta-categories-wrapp\"><div class=\"meta-post-categories wd-post-cat wd-style-with-bg\"><a href=\"https:\/\/in4ge.com\/en\/category\/job-market\/\" rel=\"category tag\">JOB MARKET<\/a><\/div><\/div>\n\t\t\t\n\t\t\t\t\t\t\t<h3 class=\"wd-entities-title title post-title\">\n\t\t\t\t\t<a href=\"https:\/\/in4ge.com\/en\/2025\/09\/authenticity-at-work-how-to-be-yourself\/\" rel=\"bookmark\">Authenticity at work \u2013 how to be yourself without losing professionalism<\/a>\n\t\t\t\t<\/h3>\n\t\t\t\n\t\t\t\t\t\t\t<div class=\"entry-meta wd-entry-meta\">\n\t\t\t\t\t\t\t\t<ul class=\"entry-meta-list\">\n\t\t\t\t\t\t\t\t\t<li class=\"modified-date\">\n\t\t\t\t\t\t\t\t<time class=\"updated\" datetime=\"2025-10-08T09:34:39+02:00\">\n\t\t\t08\/10\/2025\t\t<\/time>\n\t\t\t\t\t\t\t<\/li>\n\n\t\t\t\t\t\n\t\t\t\t\t\t\t\t\t\t\t<li class=\"meta-author\">\n\t\t\t\t\t\t\t\t\t\t\t\t<span>Posted by<\/span>\n\t\t\n\t\t\t\t\t<img alt='author-avatar' src='https:\/\/secure.gravatar.com\/avatar\/68947eaeacabcd4a86b3c4a676945e7c3375ec67f44b4d66892f81e97267c20f?s=32&#038;d=mm&#038;r=g' srcset='https:\/\/secure.gravatar.com\/avatar\/68947eaeacabcd4a86b3c4a676945e7c3375ec67f44b4d66892f81e97267c20f?s=64&#038;d=mm&#038;r=g 2x' class='avatar avatar-32 photo' height='32' width='32' \/>\t\t\n\t\t<a href=\"https:\/\/in4ge.com\/en\/author\/mchomicka\/\" rel=\"author\">\n\t\t\t<span class=\"vcard author author_name\">\n\t\t\t\t<span class=\"fn\">Redakcja<\/span>\n\t\t\t<\/span>\n\t\t<\/a>\n\t\t\t\t\t\t\t\t<\/li>\n\t\t\t\t\t\n\t\t\t\t\t\n\t\t\t\t\t\t\t\t\t\t\t\t<\/ul>\n\t\t\t\t\t\t<\/div><!-- .entry-meta -->\n\n\t\t\t\t\t\t\t\n\t\t\t\n\t\t\t\n\t\t\t\t\t\t\t\t\t\t\t\t<p class=\"read-more-section\">\n\t\t\t\t\t\t<a class=\"btn-read-more more-link\" href=\"https:\/\/in4ge.com\/en\/2025\/09\/authenticity-at-work-how-to-be-yourself\/\">Continue reading<\/a>\t\t\t\t\t<\/p>\n\t\t\t\t\t\t\t\t\t<\/div>\n\t<\/div>\n<\/article><!-- #post -->\n\n\t\t\t\t\t\n\t\t<\/div>\n\t\t\t\t<div class=\"wd-carousel-item\">\n\t\t\t\t\t\t\t\t\t\t\t\n<article id=\"post-11448\" class=\"wd-post blog-post-loop blog-design-masonry blog-style-bg post-11448 post type-post status-publish format-standard has-post-thumbnail hentry category-job-market tag-communication tag-in4ge-en tag-job-market tag-recruitment tag-work-model\">\n\t<div class=\"article-inner\">\n\t\t<header class=\"entry-header\">\n\t\t\t\t\t\t\t<figure class=\"entry-thumbnail\">\n\t\t\t\t\t\t\t\t\t\t\t<div class=\"post-img-wrapp\">\n\t\t\t\t\t\t\t<a href=\"https:\/\/in4ge.com\/en\/2025\/09\/changing-work-models-and-younger-generations-of-employees\/\">\n\t\t\t\t\t\t\t\t<img loading=\"lazy\" decoding=\"async\" width=\"400\" height=\"240\" src=\"https:\/\/in4ge.com\/wp-content\/uploads\/2025\/09\/Zmieniajace-sie-modele-pracy-a-nowe-pokolenia-pracownikow-in4ge-400x240.jpg\" class=\"attachment-medium size-medium\" alt=\"Zmieniaj\u0105ce si\u0119 modele pracy a nowe pokolenia pracownik\u00f3w in4ge\" srcset=\"https:\/\/in4ge.com\/wp-content\/uploads\/2025\/09\/Zmieniajace-sie-modele-pracy-a-nowe-pokolenia-pracownikow-in4ge-400x240.jpg 400w, https:\/\/in4ge.com\/wp-content\/uploads\/2025\/09\/Zmieniajace-sie-modele-pracy-a-nowe-pokolenia-pracownikow-in4ge-768x461.jpg 768w, https:\/\/in4ge.com\/wp-content\/uploads\/2025\/09\/Zmieniajace-sie-modele-pracy-a-nowe-pokolenia-pracownikow-in4ge-430x258.jpg 430w, https:\/\/in4ge.com\/wp-content\/uploads\/2025\/09\/Zmieniajace-sie-modele-pracy-a-nowe-pokolenia-pracownikow-in4ge-700x420.jpg 700w, https:\/\/in4ge.com\/wp-content\/uploads\/2025\/09\/Zmieniajace-sie-modele-pracy-a-nowe-pokolenia-pracownikow-in4ge-150x90.jpg 150w, https:\/\/in4ge.com\/wp-content\/uploads\/2025\/09\/Zmieniajace-sie-modele-pracy-a-nowe-pokolenia-pracownikow-in4ge.jpg 1000w\" sizes=\"auto, (max-width: 400px) 100vw, 400px\" \/>\t\t\t\t\t\t\t<\/a>\n\t\t\t\t\t\t<\/div>\n\t\t\t\t\t\t\t\t\t\t<div class=\"post-image-mask\">\n\t\t\t\t\t\t<span><\/span>\n\t\t\t\t\t<\/div>\n\t\t\t\t<\/figure>\n\t\t\t\n\t\t\t\t\t\t<div class=\"post-date wd-post-date wd-style-with-bg\">\n\t\t\t\t<span class=\"post-date-day\">\n\t\t\t\t\t04\t\t\t\t<\/span>\n\t\t\t\t<span class=\"post-date-month\">\n\t\t\t\t\tSep\t\t\t\t<\/span>\n\t\t\t<\/div>\n\t\t\t\t<\/header><!-- .entry-header -->\n\n\t\t<div class=\"article-body-container\">\n\t\t\t\t\t\t\t<div class=\"meta-categories-wrapp\"><div class=\"meta-post-categories wd-post-cat wd-style-with-bg\"><a href=\"https:\/\/in4ge.com\/en\/category\/job-market\/\" rel=\"category tag\">JOB MARKET<\/a><\/div><\/div>\n\t\t\t\n\t\t\t\t\t\t\t<h3 class=\"wd-entities-title title post-title\">\n\t\t\t\t\t<a href=\"https:\/\/in4ge.com\/en\/2025\/09\/changing-work-models-and-younger-generations-of-employees\/\" rel=\"bookmark\">Changing work models and younger generations of employees<\/a>\n\t\t\t\t<\/h3>\n\t\t\t\n\t\t\t\t\t\t\t<div class=\"entry-meta wd-entry-meta\">\n\t\t\t\t\t\t\t\t<ul class=\"entry-meta-list\">\n\t\t\t\t\t\t\t\t\t<li class=\"modified-date\">\n\t\t\t\t\t\t\t\t<time class=\"updated\" datetime=\"2025-10-08T09:36:16+02:00\">\n\t\t\t08\/10\/2025\t\t<\/time>\n\t\t\t\t\t\t\t<\/li>\n\n\t\t\t\t\t\n\t\t\t\t\t\t\t\t\t\t\t<li class=\"meta-author\">\n\t\t\t\t\t\t\t\t\t\t\t\t<span>Posted by<\/span>\n\t\t\n\t\t\t\t\t<img alt='author-avatar' src='https:\/\/secure.gravatar.com\/avatar\/68947eaeacabcd4a86b3c4a676945e7c3375ec67f44b4d66892f81e97267c20f?s=32&#038;d=mm&#038;r=g' srcset='https:\/\/secure.gravatar.com\/avatar\/68947eaeacabcd4a86b3c4a676945e7c3375ec67f44b4d66892f81e97267c20f?s=64&#038;d=mm&#038;r=g 2x' class='avatar avatar-32 photo' height='32' width='32' \/>\t\t\n\t\t<a href=\"https:\/\/in4ge.com\/en\/author\/mchomicka\/\" rel=\"author\">\n\t\t\t<span class=\"vcard author author_name\">\n\t\t\t\t<span class=\"fn\">Redakcja<\/span>\n\t\t\t<\/span>\n\t\t<\/a>\n\t\t\t\t\t\t\t\t<\/li>\n\t\t\t\t\t\n\t\t\t\t\t\n\t\t\t\t\t\t\t\t\t\t\t\t<\/ul>\n\t\t\t\t\t\t<\/div><!-- .entry-meta -->\n\n\t\t\t\t\t\t\t\n\t\t\t\n\t\t\t\n\t\t\t\t\t\t\t\t\t\t\t\t<p class=\"read-more-section\">\n\t\t\t\t\t\t<a class=\"btn-read-more more-link\" href=\"https:\/\/in4ge.com\/en\/2025\/09\/changing-work-models-and-younger-generations-of-employees\/\">Continue reading<\/a>\t\t\t\t\t<\/p>\n\t\t\t\t\t\t\t\t\t<\/div>\n\t<\/div>\n<\/article><!-- #post -->\n\n\t\t\t\t\t\n\t\t<\/div>\n\t\t\t\t<div class=\"wd-carousel-item\">\n\t\t\t\t\t\t\t\t\t\t\t\n<article id=\"post-11438\" class=\"wd-post blog-post-loop blog-design-masonry blog-style-bg post-11438 post type-post status-publish format-standard has-post-thumbnail hentry category-employer-branding-2 tag-communication tag-employer-branding-3 tag-in4ge-en tag-job-market tag-recruitment\">\n\t<div class=\"article-inner\">\n\t\t<header class=\"entry-header\">\n\t\t\t\t\t\t\t<figure class=\"entry-thumbnail\">\n\t\t\t\t\t\t\t\t\t\t\t<div class=\"post-img-wrapp\">\n\t\t\t\t\t\t\t<a href=\"https:\/\/in4ge.com\/en\/2025\/07\/esg-through-the-eyes-of-new-generations\/\">\n\t\t\t\t\t\t\t\t<img loading=\"lazy\" decoding=\"async\" width=\"400\" height=\"240\" src=\"https:\/\/in4ge.com\/wp-content\/uploads\/2025\/07\/ESG-w-oczach-nowych-pokolen-in4ge-400x240.jpg\" class=\"attachment-medium size-medium\" alt=\"ESG w oczach nowych pokole\u0144 in4ge\" srcset=\"https:\/\/in4ge.com\/wp-content\/uploads\/2025\/07\/ESG-w-oczach-nowych-pokolen-in4ge-400x240.jpg 400w, https:\/\/in4ge.com\/wp-content\/uploads\/2025\/07\/ESG-w-oczach-nowych-pokolen-in4ge-768x461.jpg 768w, https:\/\/in4ge.com\/wp-content\/uploads\/2025\/07\/ESG-w-oczach-nowych-pokolen-in4ge-430x258.jpg 430w, https:\/\/in4ge.com\/wp-content\/uploads\/2025\/07\/ESG-w-oczach-nowych-pokolen-in4ge-700x420.jpg 700w, https:\/\/in4ge.com\/wp-content\/uploads\/2025\/07\/ESG-w-oczach-nowych-pokolen-in4ge-150x90.jpg 150w, https:\/\/in4ge.com\/wp-content\/uploads\/2025\/07\/ESG-w-oczach-nowych-pokolen-in4ge.jpg 1000w\" sizes=\"auto, (max-width: 400px) 100vw, 400px\" \/>\t\t\t\t\t\t\t<\/a>\n\t\t\t\t\t\t<\/div>\n\t\t\t\t\t\t\t\t\t\t<div class=\"post-image-mask\">\n\t\t\t\t\t\t<span><\/span>\n\t\t\t\t\t<\/div>\n\t\t\t\t<\/figure>\n\t\t\t\n\t\t\t\t\t\t<div class=\"post-date wd-post-date wd-style-with-bg\">\n\t\t\t\t<span class=\"post-date-day\">\n\t\t\t\t\t23\t\t\t\t<\/span>\n\t\t\t\t<span class=\"post-date-month\">\n\t\t\t\t\tJul\t\t\t\t<\/span>\n\t\t\t<\/div>\n\t\t\t\t<\/header><!-- .entry-header -->\n\n\t\t<div class=\"article-body-container\">\n\t\t\t\t\t\t\t<div class=\"meta-categories-wrapp\"><div class=\"meta-post-categories wd-post-cat wd-style-with-bg\"><a href=\"https:\/\/in4ge.com\/en\/category\/employer-branding-2\/\" rel=\"category tag\">EMPLOYER BRANDING<\/a><\/div><\/div>\n\t\t\t\n\t\t\t\t\t\t\t<h3 class=\"wd-entities-title title post-title\">\n\t\t\t\t\t<a href=\"https:\/\/in4ge.com\/en\/2025\/07\/esg-through-the-eyes-of-new-generations\/\" rel=\"bookmark\">ESG through the eyes of new generations<\/a>\n\t\t\t\t<\/h3>\n\t\t\t\n\t\t\t\t\t\t\t<div class=\"entry-meta wd-entry-meta\">\n\t\t\t\t\t\t\t\t<ul class=\"entry-meta-list\">\n\t\t\t\t\t\t\t\t\t<li class=\"modified-date\">\n\t\t\t\t\t\t\t\t<time class=\"updated\" datetime=\"2025-07-25T13:30:29+02:00\">\n\t\t\t25\/07\/2025\t\t<\/time>\n\t\t\t\t\t\t\t<\/li>\n\n\t\t\t\t\t\n\t\t\t\t\t\t\t\t\t\t\t<li class=\"meta-author\">\n\t\t\t\t\t\t\t\t\t\t\t\t<span>Posted by<\/span>\n\t\t\n\t\t\t\t\t<img alt='author-avatar' src='https:\/\/secure.gravatar.com\/avatar\/68947eaeacabcd4a86b3c4a676945e7c3375ec67f44b4d66892f81e97267c20f?s=32&#038;d=mm&#038;r=g' srcset='https:\/\/secure.gravatar.com\/avatar\/68947eaeacabcd4a86b3c4a676945e7c3375ec67f44b4d66892f81e97267c20f?s=64&#038;d=mm&#038;r=g 2x' class='avatar avatar-32 photo' height='32' width='32' \/>\t\t\n\t\t<a href=\"https:\/\/in4ge.com\/en\/author\/mchomicka\/\" rel=\"author\">\n\t\t\t<span class=\"vcard author author_name\">\n\t\t\t\t<span class=\"fn\">Redakcja<\/span>\n\t\t\t<\/span>\n\t\t<\/a>\n\t\t\t\t\t\t\t\t<\/li>\n\t\t\t\t\t\n\t\t\t\t\t\n\t\t\t\t\t\t\t\t\t\t\t\t<\/ul>\n\t\t\t\t\t\t<\/div><!-- .entry-meta -->\n\n\t\t\t\t\t\t\t\n\t\t\t\n\t\t\t\n\t\t\t\t\t\t\t\t\t\t\t\t<p class=\"read-more-section\">\n\t\t\t\t\t\t<a class=\"btn-read-more more-link\" href=\"https:\/\/in4ge.com\/en\/2025\/07\/esg-through-the-eyes-of-new-generations\/\">Continue reading<\/a>\t\t\t\t\t<\/p>\n\t\t\t\t\t\t\t\t\t<\/div>\n\t<\/div>\n<\/article><!-- #post -->\n\n\t\t\t\t\t\n\t\t<\/div>\n\t\t\t\t<div class=\"wd-carousel-item\">\n\t\t\t\t\t\t\t\t\t\t\t\n<article id=\"post-11422\" class=\"wd-post blog-post-loop blog-design-masonry blog-style-bg post-11422 post type-post status-publish format-standard has-post-thumbnail hentry category-employer-branding-2 category-job-market tag-communication tag-employer-branding-3 tag-in4ge-en tag-job-market tag-recruitment\">\n\t<div class=\"article-inner\">\n\t\t<header class=\"entry-header\">\n\t\t\t\t\t\t\t<figure class=\"entry-thumbnail\">\n\t\t\t\t\t\t\t\t\t\t\t<div class=\"post-img-wrapp\">\n\t\t\t\t\t\t\t<a href=\"https:\/\/in4ge.com\/en\/2025\/07\/employer-brand-vs-personal-brand-conflict-or-synergy\/\">\n\t\t\t\t\t\t\t\t<img loading=\"lazy\" decoding=\"async\" width=\"400\" height=\"240\" src=\"https:\/\/in4ge.com\/wp-content\/uploads\/2025\/07\/Employer-brand-vs.-personal-brand-\u2013-konflikt-czy-synergia-in4ge-400x240.jpg\" class=\"attachment-medium size-medium\" alt=\"Employer brand vs. personal brand \u2013 konflikt czy synergia in4ge\" srcset=\"https:\/\/in4ge.com\/wp-content\/uploads\/2025\/07\/Employer-brand-vs.-personal-brand-\u2013-konflikt-czy-synergia-in4ge-400x240.jpg 400w, https:\/\/in4ge.com\/wp-content\/uploads\/2025\/07\/Employer-brand-vs.-personal-brand-\u2013-konflikt-czy-synergia-in4ge-768x461.jpg 768w, https:\/\/in4ge.com\/wp-content\/uploads\/2025\/07\/Employer-brand-vs.-personal-brand-\u2013-konflikt-czy-synergia-in4ge-430x258.jpg 430w, https:\/\/in4ge.com\/wp-content\/uploads\/2025\/07\/Employer-brand-vs.-personal-brand-\u2013-konflikt-czy-synergia-in4ge-700x420.jpg 700w, https:\/\/in4ge.com\/wp-content\/uploads\/2025\/07\/Employer-brand-vs.-personal-brand-\u2013-konflikt-czy-synergia-in4ge-150x90.jpg 150w, https:\/\/in4ge.com\/wp-content\/uploads\/2025\/07\/Employer-brand-vs.-personal-brand-\u2013-konflikt-czy-synergia-in4ge.jpg 1000w\" sizes=\"auto, (max-width: 400px) 100vw, 400px\" \/>\t\t\t\t\t\t\t<\/a>\n\t\t\t\t\t\t<\/div>\n\t\t\t\t\t\t\t\t\t\t<div class=\"post-image-mask\">\n\t\t\t\t\t\t<span><\/span>\n\t\t\t\t\t<\/div>\n\t\t\t\t<\/figure>\n\t\t\t\n\t\t\t\t\t\t<div class=\"post-date wd-post-date wd-style-with-bg\">\n\t\t\t\t<span class=\"post-date-day\">\n\t\t\t\t\t09\t\t\t\t<\/span>\n\t\t\t\t<span class=\"post-date-month\">\n\t\t\t\t\tJul\t\t\t\t<\/span>\n\t\t\t<\/div>\n\t\t\t\t<\/header><!-- .entry-header -->\n\n\t\t<div class=\"article-body-container\">\n\t\t\t\t\t\t\t<div class=\"meta-categories-wrapp\"><div class=\"meta-post-categories wd-post-cat wd-style-with-bg\"><a href=\"https:\/\/in4ge.com\/en\/category\/employer-branding-2\/\" rel=\"category tag\">EMPLOYER BRANDING<\/a>, <a href=\"https:\/\/in4ge.com\/en\/category\/job-market\/\" rel=\"category tag\">JOB MARKET<\/a><\/div><\/div>\n\t\t\t\n\t\t\t\t\t\t\t<h3 class=\"wd-entities-title title post-title\">\n\t\t\t\t\t<a href=\"https:\/\/in4ge.com\/en\/2025\/07\/employer-brand-vs-personal-brand-conflict-or-synergy\/\" rel=\"bookmark\">Employer brand vs. personal brand \u2013 conflict or synergy?<\/a>\n\t\t\t\t<\/h3>\n\t\t\t\n\t\t\t\t\t\t\t<div class=\"entry-meta wd-entry-meta\">\n\t\t\t\t\t\t\t\t<ul class=\"entry-meta-list\">\n\t\t\t\t\t\t\t\t\t<li class=\"modified-date\">\n\t\t\t\t\t\t\t\t<time class=\"updated\" datetime=\"2025-10-08T09:37:36+02:00\">\n\t\t\t08\/10\/2025\t\t<\/time>\n\t\t\t\t\t\t\t<\/li>\n\n\t\t\t\t\t\n\t\t\t\t\t\t\t\t\t\t\t<li class=\"meta-author\">\n\t\t\t\t\t\t\t\t\t\t\t\t<span>Posted by<\/span>\n\t\t\n\t\t\t\t\t<img alt='author-avatar' src='https:\/\/secure.gravatar.com\/avatar\/68947eaeacabcd4a86b3c4a676945e7c3375ec67f44b4d66892f81e97267c20f?s=32&#038;d=mm&#038;r=g' srcset='https:\/\/secure.gravatar.com\/avatar\/68947eaeacabcd4a86b3c4a676945e7c3375ec67f44b4d66892f81e97267c20f?s=64&#038;d=mm&#038;r=g 2x' class='avatar avatar-32 photo' height='32' width='32' \/>\t\t\n\t\t<a href=\"https:\/\/in4ge.com\/en\/author\/mchomicka\/\" rel=\"author\">\n\t\t\t<span class=\"vcard author author_name\">\n\t\t\t\t<span class=\"fn\">Redakcja<\/span>\n\t\t\t<\/span>\n\t\t<\/a>\n\t\t\t\t\t\t\t\t<\/li>\n\t\t\t\t\t\n\t\t\t\t\t\n\t\t\t\t\t\t\t\t\t\t\t\t<\/ul>\n\t\t\t\t\t\t<\/div><!-- .entry-meta -->\n\n\t\t\t\t\t\t\t\n\t\t\t\n\t\t\t\n\t\t\t\t\t\t\t\t\t\t\t\t<p class=\"read-more-section\">\n\t\t\t\t\t\t<a class=\"btn-read-more more-link\" href=\"https:\/\/in4ge.com\/en\/2025\/07\/employer-brand-vs-personal-brand-conflict-or-synergy\/\">Continue reading<\/a>\t\t\t\t\t<\/p>\n\t\t\t\t\t\t\t\t\t<\/div>\n\t<\/div>\n<\/article><!-- #post -->\n\n\t\t\t\t\t\n\t\t<\/div>\n\t\t\t\t<div class=\"wd-carousel-item\">\n\t\t\t\t\t\t\t\t\t\t\t\n<article id=\"post-11411\" class=\"wd-post blog-post-loop blog-design-masonry blog-style-bg post-11411 post type-post status-publish format-standard has-post-thumbnail hentry category-employer-branding-2 tag-communication tag-employer-branding-3 tag-in4ge-en tag-job-market tag-recruitment\">\n\t<div class=\"article-inner\">\n\t\t<header class=\"entry-header\">\n\t\t\t\t\t\t\t<figure class=\"entry-thumbnail\">\n\t\t\t\t\t\t\t\t\t\t\t<div class=\"post-img-wrapp\">\n\t\t\t\t\t\t\t<a href=\"https:\/\/in4ge.com\/en\/2025\/06\/remote-onboarding-adapting-to-the-new-reality\/\">\n\t\t\t\t\t\t\t\t<img loading=\"lazy\" decoding=\"async\" width=\"400\" height=\"240\" src=\"https:\/\/in4ge.com\/wp-content\/uploads\/2025\/06\/Onboarding-w-zdalnym-modelu-pracy-in4ge-400x240.jpg\" class=\"attachment-medium size-medium\" alt=\"Onboarding w zdalnym modelu pracy in4ge\" srcset=\"https:\/\/in4ge.com\/wp-content\/uploads\/2025\/06\/Onboarding-w-zdalnym-modelu-pracy-in4ge-400x240.jpg 400w, https:\/\/in4ge.com\/wp-content\/uploads\/2025\/06\/Onboarding-w-zdalnym-modelu-pracy-in4ge-768x461.jpg 768w, https:\/\/in4ge.com\/wp-content\/uploads\/2025\/06\/Onboarding-w-zdalnym-modelu-pracy-in4ge-430x258.jpg 430w, https:\/\/in4ge.com\/wp-content\/uploads\/2025\/06\/Onboarding-w-zdalnym-modelu-pracy-in4ge-700x420.jpg 700w, https:\/\/in4ge.com\/wp-content\/uploads\/2025\/06\/Onboarding-w-zdalnym-modelu-pracy-in4ge-150x90.jpg 150w, https:\/\/in4ge.com\/wp-content\/uploads\/2025\/06\/Onboarding-w-zdalnym-modelu-pracy-in4ge.jpg 1000w\" sizes=\"auto, (max-width: 400px) 100vw, 400px\" \/>\t\t\t\t\t\t\t<\/a>\n\t\t\t\t\t\t<\/div>\n\t\t\t\t\t\t\t\t\t\t<div class=\"post-image-mask\">\n\t\t\t\t\t\t<span><\/span>\n\t\t\t\t\t<\/div>\n\t\t\t\t<\/figure>\n\t\t\t\n\t\t\t\t\t\t<div class=\"post-date wd-post-date wd-style-with-bg\">\n\t\t\t\t<span class=\"post-date-day\">\n\t\t\t\t\t25\t\t\t\t<\/span>\n\t\t\t\t<span class=\"post-date-month\">\n\t\t\t\t\tJun\t\t\t\t<\/span>\n\t\t\t<\/div>\n\t\t\t\t<\/header><!-- .entry-header -->\n\n\t\t<div class=\"article-body-container\">\n\t\t\t\t\t\t\t<div class=\"meta-categories-wrapp\"><div class=\"meta-post-categories wd-post-cat wd-style-with-bg\"><a href=\"https:\/\/in4ge.com\/en\/category\/employer-branding-2\/\" rel=\"category tag\">EMPLOYER BRANDING<\/a><\/div><\/div>\n\t\t\t\n\t\t\t\t\t\t\t<h3 class=\"wd-entities-title title post-title\">\n\t\t\t\t\t<a href=\"https:\/\/in4ge.com\/en\/2025\/06\/remote-onboarding-adapting-to-the-new-reality\/\" rel=\"bookmark\">Remote onboarding: adapting to the new reality<\/a>\n\t\t\t\t<\/h3>\n\t\t\t\n\t\t\t\t\t\t\t<div class=\"entry-meta wd-entry-meta\">\n\t\t\t\t\t\t\t\t<ul class=\"entry-meta-list\">\n\t\t\t\t\t\t\t\t\t<li class=\"modified-date\">\n\t\t\t\t\t\t\t\t<time class=\"updated\" datetime=\"2025-10-08T09:39:51+02:00\">\n\t\t\t08\/10\/2025\t\t<\/time>\n\t\t\t\t\t\t\t<\/li>\n\n\t\t\t\t\t\n\t\t\t\t\t\t\t\t\t\t\t<li class=\"meta-author\">\n\t\t\t\t\t\t\t\t\t\t\t\t<span>Posted by<\/span>\n\t\t\n\t\t\t\t\t<img alt='author-avatar' src='https:\/\/secure.gravatar.com\/avatar\/68947eaeacabcd4a86b3c4a676945e7c3375ec67f44b4d66892f81e97267c20f?s=32&#038;d=mm&#038;r=g' srcset='https:\/\/secure.gravatar.com\/avatar\/68947eaeacabcd4a86b3c4a676945e7c3375ec67f44b4d66892f81e97267c20f?s=64&#038;d=mm&#038;r=g 2x' class='avatar avatar-32 photo' height='32' width='32' \/>\t\t\n\t\t<a href=\"https:\/\/in4ge.com\/en\/author\/mchomicka\/\" rel=\"author\">\n\t\t\t<span class=\"vcard author author_name\">\n\t\t\t\t<span class=\"fn\">Redakcja<\/span>\n\t\t\t<\/span>\n\t\t<\/a>\n\t\t\t\t\t\t\t\t<\/li>\n\t\t\t\t\t\n\t\t\t\t\t\n\t\t\t\t\t\t\t\t\t\t\t\t<\/ul>\n\t\t\t\t\t\t<\/div><!-- .entry-meta -->\n\n\t\t\t\t\t\t\t\n\t\t\t\n\t\t\t\n\t\t\t\t\t\t\t\t\t\t\t\t<p class=\"read-more-section\">\n\t\t\t\t\t\t<a class=\"btn-read-more more-link\" href=\"https:\/\/in4ge.com\/en\/2025\/06\/remote-onboarding-adapting-to-the-new-reality\/\">Continue reading<\/a>\t\t\t\t\t<\/p>\n\t\t\t\t\t\t\t\t\t<\/div>\n\t<\/div>\n<\/article><!-- #post -->\n\n\t\t\t\t\t\n\t\t<\/div>\n\t\t\t\t\t\t\t\t<\/div>\n\t\t\t\t\t<\/div>\n\n\t\t\t\t\t\t\t\t\t\t\t\t\t<div class=\"wd-nav-arrows wd-pos-sep wd-hover-1 wd-icon-1\">\n\t\t\t<div class=\"wd-btn-arrow wd-prev wd-disabled\">\n\t\t\t\t<div class=\"wd-arrow-inner\"><\/div>\n\t\t\t<\/div>\n\t\t\t<div class=\"wd-btn-arrow wd-next\">\n\t\t\t\t<div class=\"wd-arrow-inner\"><\/div>\n\t\t\t<\/div>\n\t\t<\/div>\n\t\t\t\t\t\t\t\t\t\t\t<\/div>\n\n\t\t\t\t\t\t<div class=\"wd-nav-pagin-wrap text-center wd-style-shape wd-hide-md-sm wd-hide-sm\">\n\t\t\t<ul class=\"wd-nav-pagin\"><\/ul>\n\t\t<\/div>\n\t\t\t\t\t\t\t\t\t<\/div><!-- end #carousel-815 -->\n\t\t\t[\/vc_column][\/vc_row]<\/p>\n\n\n<p><\/p>\n<\/div>","protected":false},"excerpt":{"rendered":"<p>Technology has changed the labor market, but so have people. With Gen X, Y, and Z working side by side, values and expectations around work continue to evolve. Do generational differences truly shape how we define career, purpose, and balance today?<\/p>\n","protected":false},"author":3,"featured_media":11450,"comment_status":"open","ping_status":"open","sticky":false,"template":"","format":"standard","meta":{"footnotes":""},"categories":[92],"tags":[100,86,93,87,118],"class_list":["post-11448","post","type-post","status-publish","format-standard","has-post-thumbnail","hentry","category-job-market","tag-communication","tag-in4ge-en","tag-job-market","tag-recruitment","tag-work-model"],"yoast_head":"<!-- This site is optimized with the Yoast SEO plugin v25.4 - https:\/\/yoast.com\/wordpress\/plugins\/seo\/ -->\n<title>Changing work models and younger generations of employees - in4ge<\/title>\n<meta name=\"description\" content=\"Over the past two decades, the labor market has undergone a major transformation \u2013 not only driven by technology, but also by the\" \/>\n<meta name=\"robots\" content=\"index, follow, max-snippet:-1, max-image-preview:large, max-video-preview:-1\" \/>\n<link rel=\"canonical\" href=\"https:\/\/in4ge.com\/en\/2025\/09\/changing-work-models-and-younger-generations-of-employees\/\" \/>\n<meta property=\"og:locale\" content=\"en_US\" \/>\n<meta property=\"og:type\" content=\"article\" \/>\n<meta property=\"og:title\" content=\"Changing work models and younger generations of employees - in4ge\" \/>\n<meta property=\"og:description\" content=\"Over the past two decades, the labor market has undergone a major transformation \u2013 not only driven by technology, but also by the\" \/>\n<meta property=\"og:url\" content=\"https:\/\/in4ge.com\/en\/2025\/09\/changing-work-models-and-younger-generations-of-employees\/\" \/>\n<meta property=\"og:site_name\" content=\"in4ge\" \/>\n<meta property=\"article:published_time\" content=\"2025-09-04T11:29:35+00:00\" \/>\n<meta property=\"article:modified_time\" content=\"2025-10-08T07:36:16+00:00\" \/>\n<meta property=\"og:image\" content=\"https:\/\/in4ge.com\/wp-content\/uploads\/2025\/09\/Zmieniajace-sie-modele-pracy-a-nowe-pokolenia-pracownikow-in4ge.jpg\" \/>\n\t<meta property=\"og:image:width\" content=\"1000\" \/>\n\t<meta property=\"og:image:height\" content=\"600\" \/>\n\t<meta property=\"og:image:type\" content=\"image\/jpeg\" \/>\n<meta name=\"author\" content=\"Redakcja\" \/>\n<meta name=\"twitter:card\" content=\"summary_large_image\" \/>\n<meta name=\"twitter:label1\" content=\"Written by\" \/>\n\t<meta name=\"twitter:data1\" content=\"Redakcja\" \/>\n\t<meta name=\"twitter:label2\" content=\"Est. reading time\" \/>\n\t<meta name=\"twitter:data2\" content=\"5 minutes\" \/>\n<script type=\"application\/ld+json\" class=\"yoast-schema-graph\">{\"@context\":\"https:\/\/schema.org\",\"@graph\":[{\"@type\":\"WebPage\",\"@id\":\"https:\/\/in4ge.com\/en\/2025\/09\/changing-work-models-and-younger-generations-of-employees\/\",\"url\":\"https:\/\/in4ge.com\/en\/2025\/09\/changing-work-models-and-younger-generations-of-employees\/\",\"name\":\"Changing work models and younger generations of employees - in4ge\",\"isPartOf\":{\"@id\":\"https:\/\/in4ge.com\/#website\"},\"primaryImageOfPage\":{\"@id\":\"https:\/\/in4ge.com\/en\/2025\/09\/changing-work-models-and-younger-generations-of-employees\/#primaryimage\"},\"image\":{\"@id\":\"https:\/\/in4ge.com\/en\/2025\/09\/changing-work-models-and-younger-generations-of-employees\/#primaryimage\"},\"thumbnailUrl\":\"https:\/\/in4ge.com\/wp-content\/uploads\/2025\/09\/Zmieniajace-sie-modele-pracy-a-nowe-pokolenia-pracownikow-in4ge.jpg\",\"datePublished\":\"2025-09-04T11:29:35+00:00\",\"dateModified\":\"2025-10-08T07:36:16+00:00\",\"author\":{\"@id\":\"https:\/\/in4ge.com\/#\/schema\/person\/ca9c3a20f6096929237a5f2af325de59\"},\"description\":\"Over the past two decades, the labor market has undergone a major transformation \u2013 not only driven by technology, but also by the\",\"breadcrumb\":{\"@id\":\"https:\/\/in4ge.com\/en\/2025\/09\/changing-work-models-and-younger-generations-of-employees\/#breadcrumb\"},\"inLanguage\":\"en-US\",\"potentialAction\":[{\"@type\":\"ReadAction\",\"target\":[\"https:\/\/in4ge.com\/en\/2025\/09\/changing-work-models-and-younger-generations-of-employees\/\"]}]},{\"@type\":\"ImageObject\",\"inLanguage\":\"en-US\",\"@id\":\"https:\/\/in4ge.com\/en\/2025\/09\/changing-work-models-and-younger-generations-of-employees\/#primaryimage\",\"url\":\"https:\/\/in4ge.com\/wp-content\/uploads\/2025\/09\/Zmieniajace-sie-modele-pracy-a-nowe-pokolenia-pracownikow-in4ge.jpg\",\"contentUrl\":\"https:\/\/in4ge.com\/wp-content\/uploads\/2025\/09\/Zmieniajace-sie-modele-pracy-a-nowe-pokolenia-pracownikow-in4ge.jpg\",\"width\":1000,\"height\":600,\"caption\":\"Zmieniaj\u0105ce si\u0119 modele pracy a nowe pokolenia pracownik\u00f3w in4ge\"},{\"@type\":\"BreadcrumbList\",\"@id\":\"https:\/\/in4ge.com\/en\/2025\/09\/changing-work-models-and-younger-generations-of-employees\/#breadcrumb\",\"itemListElement\":[{\"@type\":\"ListItem\",\"position\":1,\"name\":\"Strona g\u0142\u00f3wna\",\"item\":\"https:\/\/in4ge.com\/en\/\"},{\"@type\":\"ListItem\",\"position\":2,\"name\":\"Changing work models and younger generations of employees\"}]},{\"@type\":\"WebSite\",\"@id\":\"https:\/\/in4ge.com\/#website\",\"url\":\"https:\/\/in4ge.com\/\",\"name\":\"in4ge\",\"description\":\"We connect you with the right people: Skuteczna rekrutacja pracownik\u00f3w dla firm\",\"potentialAction\":[{\"@type\":\"SearchAction\",\"target\":{\"@type\":\"EntryPoint\",\"urlTemplate\":\"https:\/\/in4ge.com\/?s={search_term_string}\"},\"query-input\":{\"@type\":\"PropertyValueSpecification\",\"valueRequired\":true,\"valueName\":\"search_term_string\"}}],\"inLanguage\":\"en-US\"},{\"@type\":\"Person\",\"@id\":\"https:\/\/in4ge.com\/#\/schema\/person\/ca9c3a20f6096929237a5f2af325de59\",\"name\":\"Redakcja\",\"image\":{\"@type\":\"ImageObject\",\"inLanguage\":\"en-US\",\"@id\":\"https:\/\/in4ge.com\/#\/schema\/person\/image\/\",\"url\":\"https:\/\/secure.gravatar.com\/avatar\/68947eaeacabcd4a86b3c4a676945e7c3375ec67f44b4d66892f81e97267c20f?s=96&d=mm&r=g\",\"contentUrl\":\"https:\/\/secure.gravatar.com\/avatar\/68947eaeacabcd4a86b3c4a676945e7c3375ec67f44b4d66892f81e97267c20f?s=96&d=mm&r=g\",\"caption\":\"Redakcja\"},\"url\":\"https:\/\/in4ge.com\/en\/author\/mchomicka\/\"}]}<\/script>\n<!-- \/ Yoast SEO plugin. -->","yoast_head_json":{"title":"Changing work models and younger generations of employees - in4ge","description":"Over the past two decades, the labor market has undergone a major transformation \u2013 not only driven by technology, but also by the","robots":{"index":"index","follow":"follow","max-snippet":"max-snippet:-1","max-image-preview":"max-image-preview:large","max-video-preview":"max-video-preview:-1"},"canonical":"https:\/\/in4ge.com\/en\/2025\/09\/changing-work-models-and-younger-generations-of-employees\/","og_locale":"en_US","og_type":"article","og_title":"Changing work models and younger generations of employees - in4ge","og_description":"Over the past two decades, the labor market has undergone a major transformation \u2013 not only driven by technology, but also by the","og_url":"https:\/\/in4ge.com\/en\/2025\/09\/changing-work-models-and-younger-generations-of-employees\/","og_site_name":"in4ge","article_published_time":"2025-09-04T11:29:35+00:00","article_modified_time":"2025-10-08T07:36:16+00:00","og_image":[{"width":1000,"height":600,"url":"https:\/\/in4ge.com\/wp-content\/uploads\/2025\/09\/Zmieniajace-sie-modele-pracy-a-nowe-pokolenia-pracownikow-in4ge.jpg","type":"image\/jpeg"}],"author":"Redakcja","twitter_card":"summary_large_image","twitter_misc":{"Written by":"Redakcja","Est. reading time":"5 minutes"},"schema":{"@context":"https:\/\/schema.org","@graph":[{"@type":"WebPage","@id":"https:\/\/in4ge.com\/en\/2025\/09\/changing-work-models-and-younger-generations-of-employees\/","url":"https:\/\/in4ge.com\/en\/2025\/09\/changing-work-models-and-younger-generations-of-employees\/","name":"Changing work models and younger generations of employees - in4ge","isPartOf":{"@id":"https:\/\/in4ge.com\/#website"},"primaryImageOfPage":{"@id":"https:\/\/in4ge.com\/en\/2025\/09\/changing-work-models-and-younger-generations-of-employees\/#primaryimage"},"image":{"@id":"https:\/\/in4ge.com\/en\/2025\/09\/changing-work-models-and-younger-generations-of-employees\/#primaryimage"},"thumbnailUrl":"https:\/\/in4ge.com\/wp-content\/uploads\/2025\/09\/Zmieniajace-sie-modele-pracy-a-nowe-pokolenia-pracownikow-in4ge.jpg","datePublished":"2025-09-04T11:29:35+00:00","dateModified":"2025-10-08T07:36:16+00:00","author":{"@id":"https:\/\/in4ge.com\/#\/schema\/person\/ca9c3a20f6096929237a5f2af325de59"},"description":"Over the past two decades, the labor market has undergone a major transformation \u2013 not only driven by technology, but also by the","breadcrumb":{"@id":"https:\/\/in4ge.com\/en\/2025\/09\/changing-work-models-and-younger-generations-of-employees\/#breadcrumb"},"inLanguage":"en-US","potentialAction":[{"@type":"ReadAction","target":["https:\/\/in4ge.com\/en\/2025\/09\/changing-work-models-and-younger-generations-of-employees\/"]}]},{"@type":"ImageObject","inLanguage":"en-US","@id":"https:\/\/in4ge.com\/en\/2025\/09\/changing-work-models-and-younger-generations-of-employees\/#primaryimage","url":"https:\/\/in4ge.com\/wp-content\/uploads\/2025\/09\/Zmieniajace-sie-modele-pracy-a-nowe-pokolenia-pracownikow-in4ge.jpg","contentUrl":"https:\/\/in4ge.com\/wp-content\/uploads\/2025\/09\/Zmieniajace-sie-modele-pracy-a-nowe-pokolenia-pracownikow-in4ge.jpg","width":1000,"height":600,"caption":"Zmieniaj\u0105ce si\u0119 modele pracy a nowe pokolenia pracownik\u00f3w in4ge"},{"@type":"BreadcrumbList","@id":"https:\/\/in4ge.com\/en\/2025\/09\/changing-work-models-and-younger-generations-of-employees\/#breadcrumb","itemListElement":[{"@type":"ListItem","position":1,"name":"Strona g\u0142\u00f3wna","item":"https:\/\/in4ge.com\/en\/"},{"@type":"ListItem","position":2,"name":"Changing work models and younger generations of employees"}]},{"@type":"WebSite","@id":"https:\/\/in4ge.com\/#website","url":"https:\/\/in4ge.com\/","name":"in4ge","description":"We connect you with the right people: Skuteczna rekrutacja pracownik\u00f3w dla firm","potentialAction":[{"@type":"SearchAction","target":{"@type":"EntryPoint","urlTemplate":"https:\/\/in4ge.com\/?s={search_term_string}"},"query-input":{"@type":"PropertyValueSpecification","valueRequired":true,"valueName":"search_term_string"}}],"inLanguage":"en-US"},{"@type":"Person","@id":"https:\/\/in4ge.com\/#\/schema\/person\/ca9c3a20f6096929237a5f2af325de59","name":"Redakcja","image":{"@type":"ImageObject","inLanguage":"en-US","@id":"https:\/\/in4ge.com\/#\/schema\/person\/image\/","url":"https:\/\/secure.gravatar.com\/avatar\/68947eaeacabcd4a86b3c4a676945e7c3375ec67f44b4d66892f81e97267c20f?s=96&d=mm&r=g","contentUrl":"https:\/\/secure.gravatar.com\/avatar\/68947eaeacabcd4a86b3c4a676945e7c3375ec67f44b4d66892f81e97267c20f?s=96&d=mm&r=g","caption":"Redakcja"},"url":"https:\/\/in4ge.com\/en\/author\/mchomicka\/"}]}},"_links":{"self":[{"href":"https:\/\/in4ge.com\/en\/wp-json\/wp\/v2\/posts\/11448","targetHints":{"allow":["GET"]}}],"collection":[{"href":"https:\/\/in4ge.com\/en\/wp-json\/wp\/v2\/posts"}],"about":[{"href":"https:\/\/in4ge.com\/en\/wp-json\/wp\/v2\/types\/post"}],"author":[{"embeddable":true,"href":"https:\/\/in4ge.com\/en\/wp-json\/wp\/v2\/users\/3"}],"replies":[{"embeddable":true,"href":"https:\/\/in4ge.com\/en\/wp-json\/wp\/v2\/comments?post=11448"}],"version-history":[{"count":4,"href":"https:\/\/in4ge.com\/en\/wp-json\/wp\/v2\/posts\/11448\/revisions"}],"predecessor-version":[{"id":11488,"href":"https:\/\/in4ge.com\/en\/wp-json\/wp\/v2\/posts\/11448\/revisions\/11488"}],"wp:featuredmedia":[{"embeddable":true,"href":"https:\/\/in4ge.com\/en\/wp-json\/wp\/v2\/media\/11450"}],"wp:attachment":[{"href":"https:\/\/in4ge.com\/en\/wp-json\/wp\/v2\/media?parent=11448"}],"wp:term":[{"taxonomy":"category","embeddable":true,"href":"https:\/\/in4ge.com\/en\/wp-json\/wp\/v2\/categories?post=11448"},{"taxonomy":"post_tag","embeddable":true,"href":"https:\/\/in4ge.com\/en\/wp-json\/wp\/v2\/tags?post=11448"}],"curies":[{"name":"wp","href":"https:\/\/api.w.org\/{rel}","templated":true}]}}